{"id":25758,"date":"2023-11-21T09:13:00","date_gmt":"2023-11-21T08:13:00","guid":{"rendered":"https:\/\/christusnews.de\/site\/ekd-entscheidet-vermutlich-im-november-2024-ueber-neuen-ratsvorsitz\/"},"modified":"2023-11-22T10:18:34","modified_gmt":"2023-11-22T09:18:34","slug":"ekd-entscheidet-vermutlich-im-november-2024-ueber-neuen-ratsvorsitz","status":"publish","type":"post","link":"https:\/\/christusnews.de\/site\/ekd-entscheidet-vermutlich-im-november-2024-ueber-neuen-ratsvorsitz\/","title":{"rendered":"EKD entscheidet vermutlich im November 2024 \u00fcber neuen Ratsvorsitz"},"content":{"rendered":"<p class=\"MsoPlainText\">Hannover (epd). Nach dem R\u00fccktritt der Theologin Annette Kurschus von ihrem Amt als Ratsvorsitzende der Evangelischen Kirche in Deutschland (EKD) bleibt voraussichtlich die Hamburger Bisch\u00f6fin Kirsten Fehrs bis zur n\u00e4chsten Ratswahl in einem Jahr amtierende Ratsvorsitzende.&nbsp;\u00abSofern Synode und Kirchenkonferenz nichts anderes beschlie\u00dfen, wird die Wahl eines\/einer Ratsvorsitzenden auf der n\u00e4chsten Synodentagung im November 2024 erfolgen\u00bb, erkl\u00e4rte ein EKD-Sprecher am Dienstag auf Anfrage dem Evangelischen Pressedienst (epd).<\/p>\n<p class=\"MsoPlainText\">&nbsp;<\/p>\n<p class=\"MsoPlainText\">Dort werde zun\u00e4chst eine Nachwahl f\u00fcr die dann unbesetzten Ratspl\u00e4tze erfolgen, hie\u00df es weiter: \u00abDem schlie\u00dft sich die Wahl einer ratsvorsitzenden Person aus der Mitte des dann gew\u00e4hlten Rates an.\u00bb Die gew\u00e4hlten Personen sollen ihr Amt den Angaben zufolge dann jeweils bis zum Ende der regul\u00e4ren Ratsperiode im November 2027 wahrnehmen.<\/p>\n<p class=\"MsoPlainText\">&nbsp;<\/p>\n<p class=\"MsoPlainText\">\u00abAbweichende Verfahren sind mit unterschiedlichen rechtlichen H\u00fcrden m\u00f6glich\u00bb, erkl\u00e4rte der EKD-Sprecher. Infolge von Vorw\u00fcrfen mangelnder Transparenz bei der Aufkl\u00e4rung eines mutma\u00dflichen Missbrauchsfalls war Kurschus am Montag von ihren \u00c4mtern als EKD-Ratsvorsitzende und als Pr\u00e4ses der westf\u00e4lischen Landeskirche zur\u00fcckgetreten.<\/p>\n<p class=\"MsoPlainText\">&nbsp;<\/p>\n<p class=\"MsoPlainText\">Nach Darstellung des Sprechers soll die Mitte November wegen des bundesweiten Bahnstreiks vorzeitig beendete Synode der Evangelischen Kirche in Deutschland am 5. Dezember digital fortgesetzt werden. Bei der Fortsetzung der unterbrochenen 4. Tagung werde die bisher geltende Tagesordnung abgeschlossen.<\/p>\n<p class=\"MsoPlainText\">&nbsp;<\/p>\n<p class=\"MsoPlainText\">Wegen der verfr\u00fchten Abreise von Delegierten am 15. November hatte die Beschlussf\u00e4higkeit des evangelischen Kirchenparlaments infrage gestanden, hatte die Pr\u00e4ses der EKD-Synode, Anna-Nicole Heinrich, am Tagungsort Ulm vor Journalisten gesagt. Der EKD-Haushalt, Kirchengesetze und Antr\u00e4ge m\u00fcssten rechtssicher abgestimmt werden, betonte sie damals. Dies soll zeitnah digital nachgeholt werden.<\/p>\n<p>Kirche-Oldenburg<br \/>\n<a href=\"https:\/\/www.kirche-oldenburg.de\/\/aktuell\/news-niedersachsen\/artikel\/ekd-entscheidet-vermutlich-im-november-2024-ueber-neuen-ratsvorsitz\" target=\"_blank\" rel=\"noopener\">EKD entscheidet vermutlich im November 2024 \u00fcber neuen Ratsvorsitz<\/a><\/p>\n","protected":false},"excerpt":{"rendered":"<p>Hannover (epd). Nach dem R\u00fccktritt der Theologin Annette Kurschus von ihrem Amt als Ratsvorsitzende der Evangelischen Kirche in Deutschland (EKD) bleibt voraussichtlich die Hamburger Bisch\u00f6fin Kirsten Fehrs bis zur n\u00e4chsten Ratswahl in einem Jahr amtierende Ratsvorsitzende.&nbsp;\u00abSofern Synode und Kirchenkonferenz nichts anderes beschlie\u00dfen, wird die Wahl eines\/einer Ratsvorsitzenden auf der n\u00e4chsten Synodentagung im November 2024 erfolgen\u00bb, erkl\u00e4rte ein EKD-Sprecher am Dienstag auf Anfrage dem Evangelischen Pressedienst (epd). &nbsp; Dort werde zun\u00e4chst eine Nachwahl f\u00fcr die dann unbesetzten Ratspl\u00e4tze erfolgen, hie\u00df es weiter: \u00abDem schlie\u00dft sich die Wahl einer ratsvorsitzenden Person aus der Mitte des dann gew\u00e4hlten Rates an.\u00bb Die gew\u00e4hlten Personen&#8230;<\/p>\n","protected":false},"author":7,"featured_media":0,"comment_status":"false","ping_status":"open","sticky":false,"template":"","format":"standard","meta":{"footnotes":""},"categories":[43],"tags":[44],"class_list":["post-25758","post","type-post","status-publish","format-standard","hentry","category-kirche-oldenburg","tag-kirche-oldenburg"],"_links":{"self":[{"href":"https:\/\/christusnews.de\/site\/wp-json\/wp\/v2\/posts\/25758","targetHints":{"allow":["GET"]}}],"collection":[{"href":"https:\/\/christusnews.de\/site\/wp-json\/wp\/v2\/posts"}],"about":[{"href":"https:\/\/christusnews.de\/site\/wp-json\/wp\/v2\/types\/post"}],"author":[{"embeddable":true,"href":"https:\/\/christusnews.de\/site\/wp-json\/wp\/v2\/users\/7"}],"replies":[{"embeddable":true,"href":"https:\/\/christusnews.de\/site\/wp-json\/wp\/v2\/comments?post=25758"}],"version-history":[{"count":1,"href":"https:\/\/christusnews.de\/site\/wp-json\/wp\/v2\/posts\/25758\/revisions"}],"predecessor-version":[{"id":25759,"href":"https:\/\/christusnews.de\/site\/wp-json\/wp\/v2\/posts\/25758\/revisions\/25759"}],"wp:attachment":[{"href":"https:\/\/christusnews.de\/site\/wp-json\/wp\/v2\/media?parent=25758"}],"wp:term":[{"taxonomy":"category","embeddable":true,"href":"https:\/\/christusnews.de\/site\/wp-json\/wp\/v2\/categories?post=25758"},{"taxonomy":"post_tag","embeddable":true,"href":"https:\/\/christusnews.de\/site\/wp-json\/wp\/v2\/tags?post=25758"}],"curies":[{"name":"wp","href":"https:\/\/api.w.org\/{rel}","templated":true}]}}