{"id":25760,"date":"2023-11-22T19:08:44","date_gmt":"2023-11-22T18:08:44","guid":{"rendered":"https:\/\/christusnews.de\/site\/abendklang-mit-holger-trempeck-wilken-und-justin-schroederder-naechste-abendklang-in-der-christus-und-garnisonkirche-findet-am-26-november-ewigkeitssonntag-um-18-uhr-statt-unter-dem-titel\/"},"modified":"2023-11-22T22:17:58","modified_gmt":"2023-11-22T21:17:58","slug":"abendklang-mit-holger-trempeck-wilken-und-justin-schroederder-naechste-abendklang-in-der-christus-und-garnisonkirche-findet-am-26-november-ewigkeitssonntag-um-18-uhr-statt-unter-dem-titel","status":"publish","type":"post","link":"https:\/\/christusnews.de\/site\/abendklang-mit-holger-trempeck-wilken-und-justin-schroederder-naechste-abendklang-in-der-christus-und-garnisonkirche-findet-am-26-november-ewigkeitssonntag-um-18-uhr-statt-unter-dem-titel\/","title":{"rendered":"Abendklang mit Holger Trempeck Wilken und Justin Schr\u00f6der\n\nDer n\u00e4chste Abendklang in der Christus- und Garnisonkirche findet am 26. November (Ewigkeitssonntag) um 18 Uhr statt. Unter dem Titel \u201eGeborgen in T\u00f6nen &#8211; Ein Konzert f\u00fcr die Seele\u201c lassen Holger Trempeck\u2013Wilken und Justin Schr\u00f6der den Fl\u00fcgel und die F\u00fchrer-Orgel erklingen. Wie immer ist der Eintritt in den Abendklang frei. Am Ausgang wird um eine Kollekte f\u00fcr die Musiker gebeten."},"content":{"rendered":"<p>Abendklang mit Holger Trempeck Wilken und Justin Schr\u00f6der<\/p>\n<p>Der n\u00e4chste Abendklang in der Christus- und Garnisonkirche findet am 26. November (Ewigkeitssonntag) um 18 Uhr statt. Unter dem Titel \u201eGeborgen in T\u00f6nen &#8211; Ein Konzert f\u00fcr die Seele\u201c lassen Holger Trempeck\u2013Wilken und Justin Schr\u00f6der den Fl\u00fcgel und die F\u00fchrer-Orgel erklingen. Wie immer ist der Eintritt in den Abendklang frei. Am Ausgang wird um eine Kollekte f\u00fcr die Musiker gebeten.<br \/>\nHAVENKIRCHE@FB<br \/>\n<a href=\"https:\/\/www.facebook.com\/396185572708352\/posts\/655305796796327\" target=\"_blank\" rel=\"noopener\">Abendklang mit Holger Trempeck Wilken und Justin Schr\u00f6der<\/p>\n<p>Der n\u00e4chste Abendklang in der Christus- und Garnisonkirche findet am 26. November (Ewigkeitssonntag) um 18 Uhr statt. Unter dem Titel \u201eGeborgen in T\u00f6nen &#8211; Ein Konzert f\u00fcr die Seele\u201c lassen Holger Trempeck\u2013Wilken und Justin Schr\u00f6der den Fl\u00fcgel und die F\u00fchrer-Orgel erklingen. Wie immer ist der Eintritt in den Abendklang frei. Am Ausgang wird um eine Kollekte f\u00fcr die Musiker gebeten.<\/a><\/p>\n","protected":false},"excerpt":{"rendered":"<p>Abendklang mit Holger Trempeck Wilken und Justin Schr\u00f6der Der n\u00e4chste Abendklang in der Christus- und Garnisonkirche findet am 26. November (Ewigkeitssonntag) um 18 Uhr statt. Unter dem Titel \u201eGeborgen in T\u00f6nen &#8211; Ein Konzert f\u00fcr die Seele\u201c lassen Holger Trempeck\u2013Wilken und Justin Schr\u00f6der den Fl\u00fcgel und die F\u00fchrer-Orgel erklingen. Wie immer ist der Eintritt in den Abendklang frei. Am Ausgang wird um eine Kollekte f\u00fcr die Musiker gebeten. HAVENKIRCHE@FB Abendklang mit Holger Trempeck Wilken und Justin Schr\u00f6der Der n\u00e4chste Abendklang in der Christus- und Garnisonkirche findet am 26. November (Ewigkeitssonntag) um 18 Uhr statt. Unter dem Titel \u201eGeborgen in T\u00f6nen&#8230;<\/p>\n","protected":false},"author":6,"featured_media":0,"comment_status":"false","ping_status":"open","sticky":false,"template":"","format":"standard","meta":{"footnotes":""},"categories":[75],"tags":[76],"class_list":["post-25760","post","type-post","status-publish","format-standard","hentry","category-havenkirche","tag-havenkirche"],"_links":{"self":[{"href":"https:\/\/christusnews.de\/site\/wp-json\/wp\/v2\/posts\/25760","targetHints":{"allow":["GET"]}}],"collection":[{"href":"https:\/\/christusnews.de\/site\/wp-json\/wp\/v2\/posts"}],"about":[{"href":"https:\/\/christusnews.de\/site\/wp-json\/wp\/v2\/types\/post"}],"author":[{"embeddable":true,"href":"https:\/\/christusnews.de\/site\/wp-json\/wp\/v2\/users\/6"}],"replies":[{"embeddable":true,"href":"https:\/\/christusnews.de\/site\/wp-json\/wp\/v2\/comments?post=25760"}],"version-history":[{"count":1,"href":"https:\/\/christusnews.de\/site\/wp-json\/wp\/v2\/posts\/25760\/revisions"}],"predecessor-version":[{"id":25761,"href":"https:\/\/christusnews.de\/site\/wp-json\/wp\/v2\/posts\/25760\/revisions\/25761"}],"wp:attachment":[{"href":"https:\/\/christusnews.de\/site\/wp-json\/wp\/v2\/media?parent=25760"}],"wp:term":[{"taxonomy":"category","embeddable":true,"href":"https:\/\/christusnews.de\/site\/wp-json\/wp\/v2\/categories?post=25760"},{"taxonomy":"post_tag","embeddable":true,"href":"https:\/\/christusnews.de\/site\/wp-json\/wp\/v2\/tags?post=25760"}],"curies":[{"name":"wp","href":"https:\/\/api.w.org\/{rel}","templated":true}]}}