{"id":25766,"date":"2023-11-22T08:48:00","date_gmt":"2023-11-22T07:48:00","guid":{"rendered":"https:\/\/christusnews.de\/site\/schulen-in-niedersachsen-erhalten-guetesiegel-gegen-antisemitismus\/"},"modified":"2023-11-23T10:17:57","modified_gmt":"2023-11-23T09:17:57","slug":"schulen-in-niedersachsen-erhalten-guetesiegel-gegen-antisemitismus","status":"publish","type":"post","link":"https:\/\/christusnews.de\/site\/schulen-in-niedersachsen-erhalten-guetesiegel-gegen-antisemitismus\/","title":{"rendered":"Schulen in Niedersachsen erhalten G\u00fctesiegel gegen Antisemitismus"},"content":{"rendered":"<p class=\"MsoPlainText\">Hannover\/Osnabr\u00fcck (epd). Sechs kirchliche Schulen in Niedersachsen haben am Mittwoch erstmals das neue \u00f6kumenische G\u00fctesiegel \u00abZusammen gegen Antisemitismus\u00bb erhalten. Die Jurymitglieder Jan Woppowa, katholischer Theologieprofessor der Uni Paderborn und Ulrike Link-Wieczorek, evangelische Theologieprofessorin der Uni Oldenburg \u00fcberreichten die Auszeichnung in den R\u00e4umen der J\u00fcdischen Gemeinde Osnabr\u00fcck. Das in Zusammenarbeit mit dem Zentralrat der Juden entwickelte Siegel wird von der Konf\u00f6deration Evangelischer Kirchen in Niedersachsen und der Schulstiftung des Bistums an kirchliche Schulen verliehen.<\/p>\n<p class=\"MsoPlainText\">&nbsp;<\/p>\n<p class=\"MsoPlainText\">Die f\u00fcr ihr Engagement geehrten Einrichtungen sind die Marienhausschule und das Gymnasium Marianum in Meppen, das Evangelische Gymnasium Nordhorn sowie die Ursulaschule, die Domschule und die Thomas-Morus-Schule in Osnabr\u00fcck. Oberlandeskirchenr\u00e4tin Kerstin G\u00e4fgen-Track von der Konf\u00f6deration und Thomas We\u00dfler, Vorstand der Schulstiftung, \u00fcbermittelten Gl\u00fcckw\u00fcnsche. Zu Gast war auch Niedersachsens Antisemitismusbeauftragter Gerhard Wegner.<\/p>\n<p class=\"MsoPlainText\">&nbsp;<\/p>\n<p class=\"MsoPlainText\">Wegner lobte das G\u00fctesiegel als eine \u00abgro\u00dfartige Sache\u00bb. Die strengen Kriterien seien gute Voraussetzungen, um gegen Antisemitismus an den Schulen effektiv vorgehen zu k\u00f6nnen, sagte er dem Evangelischen Pressedienst (epd). Der evangelische Theologe forderte, dieses oder ein \u00e4hnliches G\u00fctesiegel f\u00fcr alle staatlichen Schulen zu etablieren. Erste Gespr\u00e4che mit der Landesregierung gebe es dazu bereits. \u00abWir brauchen Anreize f\u00fcr gute Antisemitismuspr\u00e4vention an den Schulen.\u00bb Durch den zunehmenden Antisemitismus seit dem \u00dcberfall der Hamas und dem Krieg in Gaza gewinne dieses Anliegen an Dringlichkeit.<\/p>\n<p class=\"MsoPlainText\">&nbsp;<\/p>\n<p class=\"MsoPlainText\">Zu den Kriterien f\u00fcr die Auszeichnung geh\u00f6ren etwa Fortbildungen f\u00fcr alle Mitarbeitenden, ein Regelkatalog zur Intervention bei antisemitischen Vorf\u00e4llen und eine j\u00e4hrliche Gedenkveranstaltung an die Shoah. Zudem m\u00fcssen die politische Lage im Nahen Osten und der israelbezogene Antisemitismus im Politik- und Geschichtsunterricht eingehend er\u00f6rtert werden.<\/p>\n<p class=\"MsoPlainText\">&nbsp;<\/p>\n<p class=\"MsoPlainText\">Der Vorsitzende der J\u00fcdischen Gemeinde Osnabr\u00fcck, Michael Gr\u00fcnberg, betonte, nur \u00fcber Bildung k\u00f6nnten Kinder auf einen demokratischen und toleranten Weg gebracht werden. Lehrkr\u00e4fte m\u00fcssten f\u00fcr die Behandlung des Nahost-Konflikts im Unterricht besser ausgebildet werden. Er w\u00fcrde es begr\u00fc\u00dfen, wenn ein Siegel gegen Antisemitismus \u00fcber konfessionelle Schulen und \u00fcber Niedersachsen hinaus vergeben w\u00fcrde.<\/p>\n<p>Kirche-Oldenburg<br \/>\n<a href=\"https:\/\/www.kirche-oldenburg.de\/\/aktuell\/news-niedersachsen\/artikel\/schulen-in-niedersachsen-erhalten-guetesiegel-gegen-antisemitismus\" target=\"_blank\" rel=\"noopener\">Schulen in Niedersachsen erhalten G\u00fctesiegel gegen Antisemitismus<\/a><\/p>\n","protected":false},"excerpt":{"rendered":"<p>Hannover\/Osnabr\u00fcck (epd). Sechs kirchliche Schulen in Niedersachsen haben am Mittwoch erstmals das neue \u00f6kumenische G\u00fctesiegel \u00abZusammen gegen Antisemitismus\u00bb erhalten. Die Jurymitglieder Jan Woppowa, katholischer Theologieprofessor der Uni Paderborn und Ulrike Link-Wieczorek, evangelische Theologieprofessorin der Uni Oldenburg \u00fcberreichten die Auszeichnung in den R\u00e4umen der J\u00fcdischen Gemeinde Osnabr\u00fcck. Das in Zusammenarbeit mit dem Zentralrat der Juden entwickelte Siegel wird von der Konf\u00f6deration Evangelischer Kirchen in Niedersachsen und der Schulstiftung des Bistums an kirchliche Schulen verliehen. &nbsp; Die f\u00fcr ihr Engagement geehrten Einrichtungen sind die Marienhausschule und das Gymnasium Marianum in Meppen, das Evangelische Gymnasium Nordhorn sowie die Ursulaschule, die Domschule und die&#8230;<\/p>\n","protected":false},"author":7,"featured_media":0,"comment_status":"false","ping_status":"open","sticky":false,"template":"","format":"standard","meta":{"footnotes":""},"categories":[43],"tags":[44],"class_list":["post-25766","post","type-post","status-publish","format-standard","hentry","category-kirche-oldenburg","tag-kirche-oldenburg"],"_links":{"self":[{"href":"https:\/\/christusnews.de\/site\/wp-json\/wp\/v2\/posts\/25766","targetHints":{"allow":["GET"]}}],"collection":[{"href":"https:\/\/christusnews.de\/site\/wp-json\/wp\/v2\/posts"}],"about":[{"href":"https:\/\/christusnews.de\/site\/wp-json\/wp\/v2\/types\/post"}],"author":[{"embeddable":true,"href":"https:\/\/christusnews.de\/site\/wp-json\/wp\/v2\/users\/7"}],"replies":[{"embeddable":true,"href":"https:\/\/christusnews.de\/site\/wp-json\/wp\/v2\/comments?post=25766"}],"version-history":[{"count":1,"href":"https:\/\/christusnews.de\/site\/wp-json\/wp\/v2\/posts\/25766\/revisions"}],"predecessor-version":[{"id":25767,"href":"https:\/\/christusnews.de\/site\/wp-json\/wp\/v2\/posts\/25766\/revisions\/25767"}],"wp:attachment":[{"href":"https:\/\/christusnews.de\/site\/wp-json\/wp\/v2\/media?parent=25766"}],"wp:term":[{"taxonomy":"category","embeddable":true,"href":"https:\/\/christusnews.de\/site\/wp-json\/wp\/v2\/categories?post=25766"},{"taxonomy":"post_tag","embeddable":true,"href":"https:\/\/christusnews.de\/site\/wp-json\/wp\/v2\/tags?post=25766"}],"curies":[{"name":"wp","href":"https:\/\/api.w.org\/{rel}","templated":true}]}}