{"id":25774,"date":"2023-11-23T09:37:00","date_gmt":"2023-11-23T08:37:00","guid":{"rendered":"https:\/\/christusnews.de\/site\/wilmer-reform-des-religionsunterrichts-erfordert-grosse-anstrengung\/"},"modified":"2023-11-24T10:17:21","modified_gmt":"2023-11-24T09:17:21","slug":"wilmer-reform-des-religionsunterrichts-erfordert-grosse-anstrengung","status":"publish","type":"post","link":"https:\/\/christusnews.de\/site\/wilmer-reform-des-religionsunterrichts-erfordert-grosse-anstrengung\/","title":{"rendered":"Wilmer: Reform des Religionsunterrichts erfordert gro\u00dfe Anstrengung"},"content":{"rendered":"<p class=\"MsoPlainText\">Hildesheim\/Hannover (epd). Die Kirchen in Niedersachsen bereiten sich gemeinsam mit dem Land auf ein neues konfessions\u00fcbergreifendes Modell des Religionsunterrichts vor, das zum Schuljahr 2025\/26 landesweit starten soll. Den geplanten \u00abChristlichen Religionsunterricht\u00bb einzurichten, erfordere allerdings eine \u00abgro\u00dfe gemeinsame Anstrengung\u00bb, sagte der katholische Bischof Heiner Wilmer am Donnerstag in Hildesheim dem Evangelischen Pressedienst (epd). \u00abDer Lehrstoff muss komplett neu organisiert werden. Es braucht neue Lehrpl\u00e4ne, Schulb\u00fccher und Pr\u00fcfungsverfahren.\u00bb<\/p>\n<p class=\"MsoPlainText\">&nbsp;<\/p>\n<p class=\"MsoPlainText\">Das neue Fach soll k\u00fcnftig den bisher nach Konfessionen getrennten evangelischen oder katholischen Religionsunterricht ersetzen. Dar\u00fcber verhandeln die Kirchen seit dem vergangenen Fr\u00fchjahr mit der Landesregierung. Das angestrebte Modell w\u00e4re bundesweit einzigartig. Nach Angaben der Kirchen nehmen gegenw\u00e4rtig rund 70 Prozent der Sch\u00fclerinnen und Sch\u00fcler am evangelischen oder katholischen Religionsunterricht teil, darunter auch viele nichtchristliche Sch\u00fcler.<\/p>\n<p class=\"MsoPlainText\">&nbsp;<\/p>\n<p class=\"MsoPlainText\">\u00abWir m\u00f6chten sicherstellen, dass Religionsunterricht \u00fcberall in Niedersachsen angeboten wird\u00bb, betonte Wilmer. Das sei derzeit leider nicht so. \u00abEs gibt gen\u00fcgend Schulen, in denen der Religionsunterricht mehr schlecht als recht l\u00e4uft.\u00bb H\u00e4ufig falle er aus, oft auch wegen zu kleiner Sch\u00fclergruppen der jeweiligen Konfession. Bereits seit 20 Jahren erteilen viele Schulen deshalb den sogenannten konfessionell-kooperativen Religionsunterricht, der von Sch\u00fclerinnen und Sch\u00fclern beider Konfessionen besucht wird. Dieses Modell soll nun ausgebaut und rechtlich fest verankert werden.<\/p>\n<p class=\"MsoPlainText\">&nbsp;<\/p>\n<p class=\"MsoPlainText\">F\u00fcr die Kirchen sei es ein Schl\u00fcsselanliegen, daf\u00fcr zu sorgen, \u00abdass m\u00f6glichst viele junge Menschen in den Schulen das christliche Menschen- und Weltbild kennenlernen\u00bb, betonte Wilmer, der selbst viele Jahre als Lehrer und Schulleiter t\u00e4tig war. F\u00fcr das neue Modell m\u00fcsse auch die Weiterbildung der Lehrkr\u00e4fte neu gestaltet werden.&nbsp;\u00abWeil katholische Lehrkr\u00e4fte in Zukunft mit aller Sensibilit\u00e4t auch spezifische Inhalte der evangelischen Kirche vermitteln und umgekehrt\u00bb, erl\u00e4uterte der Bischof: \u00abDie Anforderung an die Lehrkr\u00e4fte steigt.\u00bb<\/p>\n<p class=\"MsoPlainText\">&nbsp;<\/p>\n<p class=\"MsoPlainText\">Die Ausbildung der Religionslehrkr\u00e4fte solle aber weiter an den evangelischen oder katholischen Fakult\u00e4ten oder Instituten der Universit\u00e4ten geschehen, damit die Lehrkr\u00e4fte auch in andere Bundesl\u00e4nder wechseln k\u00f6nnten. Die Entscheidung \u00fcber das neue Fach liege jetzt bei der Landesregierung: \u00abIch bin aber zuversichtlich, dass die Genehmigung erteilt wird\u00bb, sagte Wilmer. Das letzte Wort hat dann der Landtag. Kultusministerin Julia Willie Hamburg (Gr\u00fcne) hatte bereits im Sommer ihre grunds\u00e4tzliche Sympathie f\u00fcr das neue Modell bekundet.<\/p>\n<p>Kirche-Oldenburg<br \/>\n<a href=\"https:\/\/www.kirche-oldenburg.de\/\/aktuell\/news-niedersachsen\/artikel\/wilmer-reform-des-religionsunterrichts-erfordert-grosse-anstrengung\" target=\"_blank\" rel=\"noopener\">Wilmer: Reform des Religionsunterrichts erfordert gro\u00dfe Anstrengung<\/a><\/p>\n","protected":false},"excerpt":{"rendered":"<p>Hildesheim\/Hannover (epd). Die Kirchen in Niedersachsen bereiten sich gemeinsam mit dem Land auf ein neues konfessions\u00fcbergreifendes Modell des Religionsunterrichts vor, das zum Schuljahr 2025\/26 landesweit starten soll. Den geplanten \u00abChristlichen Religionsunterricht\u00bb einzurichten, erfordere allerdings eine \u00abgro\u00dfe gemeinsame Anstrengung\u00bb, sagte der katholische Bischof Heiner Wilmer am Donnerstag in Hildesheim dem Evangelischen Pressedienst (epd). \u00abDer Lehrstoff muss komplett neu organisiert werden. Es braucht neue Lehrpl\u00e4ne, Schulb\u00fccher und Pr\u00fcfungsverfahren.\u00bb &nbsp; Das neue Fach soll k\u00fcnftig den bisher nach Konfessionen getrennten evangelischen oder katholischen Religionsunterricht ersetzen. Dar\u00fcber verhandeln die Kirchen seit dem vergangenen Fr\u00fchjahr mit der Landesregierung. Das angestrebte Modell w\u00e4re bundesweit einzigartig. Nach&#8230;<\/p>\n","protected":false},"author":7,"featured_media":0,"comment_status":"false","ping_status":"open","sticky":false,"template":"","format":"standard","meta":{"footnotes":""},"categories":[43],"tags":[44],"class_list":["post-25774","post","type-post","status-publish","format-standard","hentry","category-kirche-oldenburg","tag-kirche-oldenburg"],"_links":{"self":[{"href":"https:\/\/christusnews.de\/site\/wp-json\/wp\/v2\/posts\/25774","targetHints":{"allow":["GET"]}}],"collection":[{"href":"https:\/\/christusnews.de\/site\/wp-json\/wp\/v2\/posts"}],"about":[{"href":"https:\/\/christusnews.de\/site\/wp-json\/wp\/v2\/types\/post"}],"author":[{"embeddable":true,"href":"https:\/\/christusnews.de\/site\/wp-json\/wp\/v2\/users\/7"}],"replies":[{"embeddable":true,"href":"https:\/\/christusnews.de\/site\/wp-json\/wp\/v2\/comments?post=25774"}],"version-history":[{"count":1,"href":"https:\/\/christusnews.de\/site\/wp-json\/wp\/v2\/posts\/25774\/revisions"}],"predecessor-version":[{"id":25775,"href":"https:\/\/christusnews.de\/site\/wp-json\/wp\/v2\/posts\/25774\/revisions\/25775"}],"wp:attachment":[{"href":"https:\/\/christusnews.de\/site\/wp-json\/wp\/v2\/media?parent=25774"}],"wp:term":[{"taxonomy":"category","embeddable":true,"href":"https:\/\/christusnews.de\/site\/wp-json\/wp\/v2\/categories?post=25774"},{"taxonomy":"post_tag","embeddable":true,"href":"https:\/\/christusnews.de\/site\/wp-json\/wp\/v2\/tags?post=25774"}],"curies":[{"name":"wp","href":"https:\/\/api.w.org\/{rel}","templated":true}]}}