{"id":25782,"date":"2023-11-26T22:19:00","date_gmt":"2023-11-26T21:19:00","guid":{"rendered":"https:\/\/christusnews.de\/site\/weihnachtsdeko-tausch-in-ofenerdiek\/"},"modified":"2023-11-27T10:17:34","modified_gmt":"2023-11-27T09:17:34","slug":"weihnachtsdeko-tausch-in-ofenerdiek","status":"publish","type":"post","link":"https:\/\/christusnews.de\/site\/weihnachtsdeko-tausch-in-ofenerdiek\/","title":{"rendered":"Weihnachtsdeko-Tausch in Ofenerdiek"},"content":{"rendered":"<p>Am 3. Dezember k\u00f6nnen von 10.30 bis 12.30 Uhr weihnachtliche Dekoartikel ohne Geb\u00fchr getauscht werden. Im Dietrich-Bonhoeffer-Haus kann am ersten Adventssonntag nach Herzenslust gest\u00f6bert werden.&nbsp;<br \/>\n&nbsp; &nbsp;<br \/>\nAusrangierte Christbaumkugeln, Lichterketten, Weihnachtssterne und vieles mehr k\u00f6nnen mitgebracht werden und finden auf diesem Weg hoffentlich ein neues zu Hause. Es ist nat\u00fcrlich auch m\u00f6glich nur etwas vorbeizubringen oder mitzunehmen.<br \/>\n&nbsp; &nbsp;<br \/>\nDer Weihnachtsdeko-Tausch ist eine Aktion vom Landesjugendpfarramt Oldenburg und der Innovationspfarrstelle Region Nord.&nbsp;<\/p>\n<p>Kirche-Oldenburg<br \/>\n<a href=\"https:\/\/www.kirche-oldenburg.de\/\/aktuell\/aus-den-kirchenkreisen\/artikel\/weihnachtsdeko-tausch-in-ofenerdiek\" target=\"_blank\" rel=\"noopener\">Weihnachtsdeko-Tausch in Ofenerdiek<\/a><\/p>\n","protected":false},"excerpt":{"rendered":"<p>Am 3. Dezember k\u00f6nnen von 10.30 bis 12.30 Uhr weihnachtliche Dekoartikel ohne Geb\u00fchr getauscht werden. Im Dietrich-Bonhoeffer-Haus kann am ersten Adventssonntag nach Herzenslust gest\u00f6bert werden.&nbsp; &nbsp; &nbsp; Ausrangierte Christbaumkugeln, Lichterketten, Weihnachtssterne und vieles mehr k\u00f6nnen mitgebracht werden und finden auf diesem Weg hoffentlich ein neues zu Hause. Es ist nat\u00fcrlich auch m\u00f6glich nur etwas vorbeizubringen oder mitzunehmen. &nbsp; &nbsp; Der Weihnachtsdeko-Tausch ist eine Aktion vom Landesjugendpfarramt Oldenburg und der Innovationspfarrstelle Region Nord.&nbsp; Kirche-Oldenburg Weihnachtsdeko-Tausch in Ofenerdiek<\/p>\n","protected":false},"author":7,"featured_media":0,"comment_status":"false","ping_status":"open","sticky":false,"template":"","format":"standard","meta":{"footnotes":""},"categories":[43],"tags":[44],"class_list":["post-25782","post","type-post","status-publish","format-standard","hentry","category-kirche-oldenburg","tag-kirche-oldenburg"],"_links":{"self":[{"href":"https:\/\/christusnews.de\/site\/wp-json\/wp\/v2\/posts\/25782","targetHints":{"allow":["GET"]}}],"collection":[{"href":"https:\/\/christusnews.de\/site\/wp-json\/wp\/v2\/posts"}],"about":[{"href":"https:\/\/christusnews.de\/site\/wp-json\/wp\/v2\/types\/post"}],"author":[{"embeddable":true,"href":"https:\/\/christusnews.de\/site\/wp-json\/wp\/v2\/users\/7"}],"replies":[{"embeddable":true,"href":"https:\/\/christusnews.de\/site\/wp-json\/wp\/v2\/comments?post=25782"}],"version-history":[{"count":1,"href":"https:\/\/christusnews.de\/site\/wp-json\/wp\/v2\/posts\/25782\/revisions"}],"predecessor-version":[{"id":25783,"href":"https:\/\/christusnews.de\/site\/wp-json\/wp\/v2\/posts\/25782\/revisions\/25783"}],"wp:attachment":[{"href":"https:\/\/christusnews.de\/site\/wp-json\/wp\/v2\/media?parent=25782"}],"wp:term":[{"taxonomy":"category","embeddable":true,"href":"https:\/\/christusnews.de\/site\/wp-json\/wp\/v2\/categories?post=25782"},{"taxonomy":"post_tag","embeddable":true,"href":"https:\/\/christusnews.de\/site\/wp-json\/wp\/v2\/tags?post=25782"}],"curies":[{"name":"wp","href":"https:\/\/api.w.org\/{rel}","templated":true}]}}