{"id":25788,"date":"2023-11-26T12:47:00","date_gmt":"2023-11-26T11:47:00","guid":{"rendered":"https:\/\/christusnews.de\/site\/landeskirche-schaumburg-lippe-finanziell-weiter-im-plus\/"},"modified":"2023-11-27T22:18:06","modified_gmt":"2023-11-27T21:18:06","slug":"landeskirche-schaumburg-lippe-finanziell-weiter-im-plus","status":"publish","type":"post","link":"https:\/\/christusnews.de\/site\/landeskirche-schaumburg-lippe-finanziell-weiter-im-plus\/","title":{"rendered":"Landeskirche Schaumburg-Lippe finanziell weiter im Plus"},"content":{"rendered":"<p class=\"MsoPlainText\">B\u00fcckeburg (epd). Trotz zur\u00fcckgehender Mitgliederzahlen bleibt die Haushaltslage der schaumburg-lippischen Landeskirche stabil. Im vergangenen Jahr 2022 erzielte die evangelische Landeskirche einen \u00dcberschuss von 1,4 Millionen Euro bei einem Haushaltsvolumen von 14 Millionen Euro, wie der Pr\u00e4sident des Landeskirchenamtes, Christian Frehrking, am Wochenende in B\u00fcckeburg vor der Landessynode erl\u00e4uterte.<\/p>\n<p class=\"MsoPlainText\">&nbsp;<\/p>\n<p class=\"MsoPlainText\">F\u00fcr die n\u00e4chsten beiden Jahre verabschiedete das Kirchenparlament einen Haushaltsplan von 14,3 Millionen Euro in 2024 und 14,4 Millionen in 2025. \u00abUnserer Landeskirche geht es finanziell derzeit gut\u00bb, bilanzierte Frehrking. \u00abUnd durch die Vorsorge, die wir treffen, wird es mittelfristig auch nicht so schnell schlecht werden.\u00bb Frehrking sprach dabei von einem Zeitraum bis etwa 2035.<\/p>\n<p class=\"MsoPlainText\">&nbsp;<\/p>\n<p class=\"MsoPlainText\">Wegen der 2022 noch teilweise bestehenden Corona-Lage habe die Landeskirche im vergangenen Jahr weniger Geld ausgegeben als geplant, etwa wegen ausgefallener Veranstaltungen, sagte der Pr\u00e4sident. Der so erzielte \u00dcberschuss flie\u00dft unter anderem in eine R\u00fccklage zur Versorgung der Pastoren und Kirchenbeamten und in energetische Bauprojekte. Um Kosten zu reduzieren, habe die Landeskirche seit 2019 ihren Geb\u00e4udebestand um elf Prozent verringert, erl\u00e4uterte Frehrking. Derzeit geh\u00f6rten rund 90 Kirchen, Pfarrh\u00e4user oder Gemeindeh\u00e4user sowie weitere Geb\u00e4ude zur Landeskirche.<\/p>\n<p class=\"MsoPlainText\">&nbsp;<\/p>\n<p class=\"MsoPlainText\">Die Zahl der Kirchenmitglieder sank laut Frehrking auf derzeit rund 44.600. Weil die Schaumburg-Lippe \u00fcber gro\u00dfe und treue Kirchensteuer-Zahler verf\u00fcge, schl\u00fcgen sich die Mitgliederverluste noch nicht deutlich im Haushalt nieder. Rund die H\u00e4lfte der Mitglieder zahle \u00fcberhaupt keine Kirchensteuer.<\/p>\n<p class=\"MsoPlainText\">&nbsp;<\/p>\n<p class=\"MsoPlainText\">Bei ihrer Herbsttagung verabschiedete die Landeskirche zudem ein Diakonie-Gesetz. Es soll dazu dienen, die diakonischen Aufgaben, Dienste und Einrichtungen noch enger mit der Arbeit der Kirchengemeinden zu verkn\u00fcpfen. Erstmals erhalte die Synode nun einen Diakonie-Ausschuss, erl\u00e4uterte Pastor Wilfried Vauth als Vorsitzender des Diakonischen Werks der Landeskirche. Zudem wird Schaumburg-Lippe vollumf\u00e4nglich zur Tr\u00e4gerkirche des Diakonischen Werks in Niedersachsen.<\/p>\n<p class=\"MsoPlainText\">&nbsp;<\/p>\n<p class=\"MsoPlainText\">Zur Evangelisch-Lutherischen Landeskirche Schaumburg-Lippe an der Grenze von Niedersachsen und Nordrhein-Westfalen geh\u00f6ren 22 Gemeinden. Damit z\u00e4hlt Schaumburg-Lippe neben der Evangelischen Landeskirche Anhalts zu den kleinsten deutschen Landeskirchen.<\/p>\n<p>Kirche-Oldenburg<br \/>\n<a href=\"https:\/\/www.kirche-oldenburg.de\/\/aktuell\/news-niedersachsen\/artikel\/landeskirche-schaumburg-lippe-finanziell-weiter-im-plus\" target=\"_blank\" rel=\"noopener\">Landeskirche Schaumburg-Lippe finanziell weiter im Plus<\/a><\/p>\n","protected":false},"excerpt":{"rendered":"<p>B\u00fcckeburg (epd). Trotz zur\u00fcckgehender Mitgliederzahlen bleibt die Haushaltslage der schaumburg-lippischen Landeskirche stabil. Im vergangenen Jahr 2022 erzielte die evangelische Landeskirche einen \u00dcberschuss von 1,4 Millionen Euro bei einem Haushaltsvolumen von 14 Millionen Euro, wie der Pr\u00e4sident des Landeskirchenamtes, Christian Frehrking, am Wochenende in B\u00fcckeburg vor der Landessynode erl\u00e4uterte. &nbsp; F\u00fcr die n\u00e4chsten beiden Jahre verabschiedete das Kirchenparlament einen Haushaltsplan von 14,3 Millionen Euro in 2024 und 14,4 Millionen in 2025. \u00abUnserer Landeskirche geht es finanziell derzeit gut\u00bb, bilanzierte Frehrking. \u00abUnd durch die Vorsorge, die wir treffen, wird es mittelfristig auch nicht so schnell schlecht werden.\u00bb Frehrking sprach dabei von einem&#8230;<\/p>\n","protected":false},"author":7,"featured_media":0,"comment_status":"false","ping_status":"open","sticky":false,"template":"","format":"standard","meta":{"footnotes":""},"categories":[43],"tags":[44],"class_list":["post-25788","post","type-post","status-publish","format-standard","hentry","category-kirche-oldenburg","tag-kirche-oldenburg"],"_links":{"self":[{"href":"https:\/\/christusnews.de\/site\/wp-json\/wp\/v2\/posts\/25788","targetHints":{"allow":["GET"]}}],"collection":[{"href":"https:\/\/christusnews.de\/site\/wp-json\/wp\/v2\/posts"}],"about":[{"href":"https:\/\/christusnews.de\/site\/wp-json\/wp\/v2\/types\/post"}],"author":[{"embeddable":true,"href":"https:\/\/christusnews.de\/site\/wp-json\/wp\/v2\/users\/7"}],"replies":[{"embeddable":true,"href":"https:\/\/christusnews.de\/site\/wp-json\/wp\/v2\/comments?post=25788"}],"version-history":[{"count":1,"href":"https:\/\/christusnews.de\/site\/wp-json\/wp\/v2\/posts\/25788\/revisions"}],"predecessor-version":[{"id":25789,"href":"https:\/\/christusnews.de\/site\/wp-json\/wp\/v2\/posts\/25788\/revisions\/25789"}],"wp:attachment":[{"href":"https:\/\/christusnews.de\/site\/wp-json\/wp\/v2\/media?parent=25788"}],"wp:term":[{"taxonomy":"category","embeddable":true,"href":"https:\/\/christusnews.de\/site\/wp-json\/wp\/v2\/categories?post=25788"},{"taxonomy":"post_tag","embeddable":true,"href":"https:\/\/christusnews.de\/site\/wp-json\/wp\/v2\/tags?post=25788"}],"curies":[{"name":"wp","href":"https:\/\/api.w.org\/{rel}","templated":true}]}}