{"id":25790,"date":"2023-11-26T12:46:00","date_gmt":"2023-11-26T11:46:00","guid":{"rendered":"https:\/\/christusnews.de\/site\/goettinger-superintendent-offen-auf-trauernde-zugehen\/"},"modified":"2023-11-27T22:18:06","modified_gmt":"2023-11-27T21:18:06","slug":"goettinger-superintendent-offen-auf-trauernde-zugehen","status":"publish","type":"post","link":"https:\/\/christusnews.de\/site\/goettinger-superintendent-offen-auf-trauernde-zugehen\/","title":{"rendered":"G\u00f6ttinger Superintendent: Offen auf Trauernde zugehen"},"content":{"rendered":"<p class=\"MsoPlainText\">G\u00f6ttingen (epd). Der G\u00f6ttinger Superintendent Frank Uhlhorn r\u00e4t dazu, offen auf Trauernde zuzugehen. \u00abBei vielen Menschen gibt es die Angst, man k\u00f6nne etwas falsch machen. Ich w\u00fcrde gerne dazu raten, diese Angst zu \u00fcberwinden und einfach was zu machen\u00bb, sagte der leitende Geistliche des Evangelisch-lutherischen Kirchenkreises G\u00f6ttingen-M\u00fcnden im Gespr\u00e4ch mit dem \u00abG\u00f6ttinger Tageblatt\u00bb (Sonnabend). \u00abEs ist schlimmer, gar nicht zu reagieren, sich zur\u00fcckzuziehen, als das Falsche zu sagen. Redet mit denjenigen, die es betrifft\u00bb, appellierte Uhlhorn.<\/p>\n<p class=\"MsoPlainText\">&nbsp;<\/p>\n<p class=\"MsoPlainText\">Menschen, die eine Verlust erlitten haben oder solchen, die Trauernden zur Seite stehen, r\u00e4t der Theologe, nicht zu viel Energie auf die Frage nach dem \u00abWarum\u00bb zu stellen. \u00abEs ist vern\u00fcnftiger, sich der Trauer zu stellen und zu sagen: Ich bin unendlich traurig dar\u00fcber, dass ein Mensch, der zu meinem Leben geh\u00f6rt, jetzt nicht mehr da ist, und ich kann mir das nicht erkl\u00e4ren\u00bb. Es sei schwer, die \u00abRiesenl\u00fccke\u00bb zu akzeptieren, die durch den Tod eines geliebten Menschen entstehe. \u00abWas helfen kann: Wenn man sich mit Menschen, die \u00c4hnliches erlebt haben, austauscht. Weil das befreit, auch von der Frage nach dem &#8216;Warum&#8217;\u00bb, betonte Uhlhorn.<\/p>\n<p class=\"MsoPlainText\">&nbsp;<\/p>\n<p class=\"MsoPlainText\">Er selbst habe trotz seiner umfassenden beruflichen Erfahrung mit Verlust und Trauer dennoch Angst vor dem Tod, bekannte der Superintendent. \u00abWenn man Angeh\u00f6rige begleitet beim Sterben, dann hat man auch das Bild im Kopf: Was ist eigentlich, wenn ich da selber liege?\u00bb Auf der anderen Seite hoffe er, dass er sein Ende nicht mehr vollumf\u00e4nglich verarbeiten, erleiden und erleben muss, \u00absondern &#8211; vielleicht ein bisschen kitschig ausgedr\u00fcckt &#8211; auf den H\u00e4nden eines Engels getragen werde vom Leben in den Tod\u00bb.<\/p>\n<p>Kirche-Oldenburg<br \/>\n<a href=\"https:\/\/www.kirche-oldenburg.de\/\/aktuell\/news-niedersachsen\/artikel\/goettinger-superintendent-offen-auf-trauernde-zugehen\" target=\"_blank\" rel=\"noopener\">G\u00f6ttinger Superintendent: Offen auf Trauernde zugehen<\/a><\/p>\n","protected":false},"excerpt":{"rendered":"<p>G\u00f6ttingen (epd). Der G\u00f6ttinger Superintendent Frank Uhlhorn r\u00e4t dazu, offen auf Trauernde zuzugehen. \u00abBei vielen Menschen gibt es die Angst, man k\u00f6nne etwas falsch machen. Ich w\u00fcrde gerne dazu raten, diese Angst zu \u00fcberwinden und einfach was zu machen\u00bb, sagte der leitende Geistliche des Evangelisch-lutherischen Kirchenkreises G\u00f6ttingen-M\u00fcnden im Gespr\u00e4ch mit dem \u00abG\u00f6ttinger Tageblatt\u00bb (Sonnabend). \u00abEs ist schlimmer, gar nicht zu reagieren, sich zur\u00fcckzuziehen, als das Falsche zu sagen. Redet mit denjenigen, die es betrifft\u00bb, appellierte Uhlhorn. &nbsp; Menschen, die eine Verlust erlitten haben oder solchen, die Trauernden zur Seite stehen, r\u00e4t der Theologe, nicht zu viel Energie auf die Frage&#8230;<\/p>\n","protected":false},"author":7,"featured_media":0,"comment_status":"false","ping_status":"open","sticky":false,"template":"","format":"standard","meta":{"footnotes":""},"categories":[43],"tags":[44],"class_list":["post-25790","post","type-post","status-publish","format-standard","hentry","category-kirche-oldenburg","tag-kirche-oldenburg"],"_links":{"self":[{"href":"https:\/\/christusnews.de\/site\/wp-json\/wp\/v2\/posts\/25790","targetHints":{"allow":["GET"]}}],"collection":[{"href":"https:\/\/christusnews.de\/site\/wp-json\/wp\/v2\/posts"}],"about":[{"href":"https:\/\/christusnews.de\/site\/wp-json\/wp\/v2\/types\/post"}],"author":[{"embeddable":true,"href":"https:\/\/christusnews.de\/site\/wp-json\/wp\/v2\/users\/7"}],"replies":[{"embeddable":true,"href":"https:\/\/christusnews.de\/site\/wp-json\/wp\/v2\/comments?post=25790"}],"version-history":[{"count":1,"href":"https:\/\/christusnews.de\/site\/wp-json\/wp\/v2\/posts\/25790\/revisions"}],"predecessor-version":[{"id":25791,"href":"https:\/\/christusnews.de\/site\/wp-json\/wp\/v2\/posts\/25790\/revisions\/25791"}],"wp:attachment":[{"href":"https:\/\/christusnews.de\/site\/wp-json\/wp\/v2\/media?parent=25790"}],"wp:term":[{"taxonomy":"category","embeddable":true,"href":"https:\/\/christusnews.de\/site\/wp-json\/wp\/v2\/categories?post=25790"},{"taxonomy":"post_tag","embeddable":true,"href":"https:\/\/christusnews.de\/site\/wp-json\/wp\/v2\/tags?post=25790"}],"curies":[{"name":"wp","href":"https:\/\/api.w.org\/{rel}","templated":true}]}}