{"id":25794,"date":"2023-11-25T12:41:00","date_gmt":"2023-11-25T11:41:00","guid":{"rendered":"https:\/\/christusnews.de\/site\/ekd-ratsvorsitzende-fehrs-ewigkeitssonntag-birgt-auch-trost\/"},"modified":"2023-11-27T22:18:07","modified_gmt":"2023-11-27T21:18:07","slug":"ekd-ratsvorsitzende-fehrs-ewigkeitssonntag-birgt-auch-trost","status":"publish","type":"post","link":"https:\/\/christusnews.de\/site\/ekd-ratsvorsitzende-fehrs-ewigkeitssonntag-birgt-auch-trost\/","title":{"rendered":"EKD-Ratsvorsitzende Fehrs: Ewigkeitssonntag birgt auch Trost"},"content":{"rendered":"<p class=\"MsoPlainText\">Hannover (epd). Die amtierende Ratsvorsitzende der Evangelischen Kirche in Deutschland (EKD), Bisch\u00f6fin Kirsten Fehrs, hat die Bedeutung des Ewigkeitssonntags (26. November) hervorgehoben. \u00abDas Gedenken derer, die gestorben sind, steht in diesen Tagen im Mittelpunkt\u00bb, sagte die Theologin am Freitag in Hannover. Es sei eine besondere Woche im Kirchenjahr, die am Sonntag beginne. \u00abSie f\u00fchrt vom Novembernebel ins Adventslicht, vom Tod zum Leben, vom Ende zum Neuanfang.\u00bb<\/p>\n<p class=\"MsoPlainText\">&nbsp;<\/p>\n<p class=\"MsoPlainText\">Der Ewigkeitssonntag mache \u00abdurchl\u00e4ssig f\u00fcr die gro\u00dfen Fragen\u00bb, sagte Fehrs weiter. \u00abWas hat es mit diesem Leben eigentlich auf sich?&nbsp;Was ist mit den Toten? Was ist mit den Opfern der Geschichte? Was bleibt?\u00bb Zugleich verwies Fehrs auf die tr\u00f6stlichen Aspekte des&nbsp;Ewigkeitssonntags: \u00abGott gibt uns Trost, um uns gerade in den dunklen Zeiten unseres Lebens aufzurichten. In Zeiten, in denen wir geliebte Menschen schmerzlich an unserer Seite vermissen.\u00bb<\/p>\n<p class=\"MsoPlainText\">&nbsp;<\/p>\n<p class=\"MsoPlainText\">Der Ewigkeitssonntag im November, auch Totensonntag genannt, ist dem Andenken an Verstorbene gewidmet. Neben dem Totengedenken wird in vielen Gottesdiensten auch zu einem bewussteren Umgang mit der Lebenszeit ermutigt. Der Gedenktag geht auf die Reformationszeit zur\u00fcck. Mit dem Ewigkeitssonntag endet das Kirchenjahr.<\/p>\n<p>Kirche-Oldenburg<br \/>\n<a href=\"https:\/\/www.kirche-oldenburg.de\/\/aktuell\/news-niedersachsen\/artikel\/ekd-ratsvorsitzende-fehrs-ewigkeitssonntag-birgt-auch-trost\" target=\"_blank\" rel=\"noopener\">EKD-Ratsvorsitzende Fehrs: Ewigkeitssonntag birgt auch Trost<\/a><\/p>\n","protected":false},"excerpt":{"rendered":"<p>Hannover (epd). Die amtierende Ratsvorsitzende der Evangelischen Kirche in Deutschland (EKD), Bisch\u00f6fin Kirsten Fehrs, hat die Bedeutung des Ewigkeitssonntags (26. November) hervorgehoben. \u00abDas Gedenken derer, die gestorben sind, steht in diesen Tagen im Mittelpunkt\u00bb, sagte die Theologin am Freitag in Hannover. Es sei eine besondere Woche im Kirchenjahr, die am Sonntag beginne. \u00abSie f\u00fchrt vom Novembernebel ins Adventslicht, vom Tod zum Leben, vom Ende zum Neuanfang.\u00bb &nbsp; Der Ewigkeitssonntag mache \u00abdurchl\u00e4ssig f\u00fcr die gro\u00dfen Fragen\u00bb, sagte Fehrs weiter. \u00abWas hat es mit diesem Leben eigentlich auf sich?&nbsp;Was ist mit den Toten? Was ist mit den Opfern der Geschichte? Was bleibt?\u00bb&#8230;<\/p>\n","protected":false},"author":7,"featured_media":0,"comment_status":"false","ping_status":"open","sticky":false,"template":"","format":"standard","meta":{"footnotes":""},"categories":[43],"tags":[44],"class_list":["post-25794","post","type-post","status-publish","format-standard","hentry","category-kirche-oldenburg","tag-kirche-oldenburg"],"_links":{"self":[{"href":"https:\/\/christusnews.de\/site\/wp-json\/wp\/v2\/posts\/25794","targetHints":{"allow":["GET"]}}],"collection":[{"href":"https:\/\/christusnews.de\/site\/wp-json\/wp\/v2\/posts"}],"about":[{"href":"https:\/\/christusnews.de\/site\/wp-json\/wp\/v2\/types\/post"}],"author":[{"embeddable":true,"href":"https:\/\/christusnews.de\/site\/wp-json\/wp\/v2\/users\/7"}],"replies":[{"embeddable":true,"href":"https:\/\/christusnews.de\/site\/wp-json\/wp\/v2\/comments?post=25794"}],"version-history":[{"count":1,"href":"https:\/\/christusnews.de\/site\/wp-json\/wp\/v2\/posts\/25794\/revisions"}],"predecessor-version":[{"id":25795,"href":"https:\/\/christusnews.de\/site\/wp-json\/wp\/v2\/posts\/25794\/revisions\/25795"}],"wp:attachment":[{"href":"https:\/\/christusnews.de\/site\/wp-json\/wp\/v2\/media?parent=25794"}],"wp:term":[{"taxonomy":"category","embeddable":true,"href":"https:\/\/christusnews.de\/site\/wp-json\/wp\/v2\/categories?post=25794"},{"taxonomy":"post_tag","embeddable":true,"href":"https:\/\/christusnews.de\/site\/wp-json\/wp\/v2\/tags?post=25794"}],"curies":[{"name":"wp","href":"https:\/\/api.w.org\/{rel}","templated":true}]}}