{"id":25796,"date":"2023-11-24T12:39:00","date_gmt":"2023-11-24T11:39:00","guid":{"rendered":"https:\/\/christusnews.de\/site\/entartete-kunst-landesmuseum-bekommt-nolde-aquarell-zurueck\/"},"modified":"2023-11-27T22:18:07","modified_gmt":"2023-11-27T21:18:07","slug":"entartete-kunst-landesmuseum-bekommt-nolde-aquarell-zurueck","status":"publish","type":"post","link":"https:\/\/christusnews.de\/site\/entartete-kunst-landesmuseum-bekommt-nolde-aquarell-zurueck\/","title":{"rendered":"\u00abEntartete Kunst\u00bb: Landesmuseum bekommt Nolde-Aquarell zur\u00fcck"},"content":{"rendered":"<p class=\"MsoPlainText\">Oldenburg (epd). Es wurde 1937 als \u00abentartete Kunst\u00bb von den Nationalsozialisten beschlagnahmt, jetzt kehrt das Aquarell \u00abErnteszene\u00bb von Emil Nolde in das Landesmuseum Kunst &amp; Kultur nach Oldenburg zur\u00fcck. Mit Unterst\u00fctzung des nieders\u00e4chsischen Wissenschaftsministeriums, der Kulturstiftung der L\u00e4nder und der Ernst von Siemens Kunststiftung konnte das 1907 entstandene Werk bei einer Auktion in M\u00fcnchen erworben werden, wie das Museum am Freitag mitteilte.<\/p>\n<p class=\"MsoPlainText\">&nbsp;<\/p>\n<p class=\"MsoPlainText\">Das Bild soll jetzt vom 24. November an zusammen mit den anderen 1937 beschlagnahmten und inzwischen wiedererlangten Werken im Prinzenpalais des Museums pr\u00e4sentiert werden. Von den 103 im Jahr&nbsp;1937 beschlagnahmten Kunstwerken aus der Sammlung des Landesmuseums sei es bisher m\u00f6glich gewesen, sechs Werke zur\u00fcckzukaufen, sagte eine Sprecherin.<\/p>\n<p class=\"MsoPlainText\">&nbsp;<\/p>\n<p class=\"MsoPlainText\">Am 22. August 1937 wurde das Nolde-Aquarell den Angaben zufolge wie damals viele Kunstwerke w\u00e4hrend der NS-Aktion \u00abEntartete Kunst\u00bb beschlagnahmt. Im Dezember 1940 habe es dann der Hamburger Kunsth\u00e4ndler Hildebrand Gurlitt erworben. Im Juni 2023 sei das Bild schlie\u00dflich im Katalog der Auktion 317 \u00abModerne Kunst von Karl &amp; Faber in M\u00fcnchen wieder aufgetaucht und eindeutig als das damals in Oldenburg beschlagnahmte identifiziert worden.<\/p>\n<p class=\"MsoPlainText\">&nbsp;<\/p>\n<p class=\"MsoPlainText\">Das Museum hatte das Bild vor 100 Jahren gekauft, wie die Sprecherin sagte. Unter den K\u00fcnstlern, die Gr\u00fcndungsdirektor Walter M\u00fcller-Wulckow in der \u00bbModernen Galerie\u00ab im Oldenburger Schloss vereinte, z\u00e4hlte Emil Nolde (1867-1956) zu den wichtigsten. S\u00e4mtliche Gem\u00e4lde und Aquarelle des K\u00fcnstlers, die bis 1933 f\u00fcr Oldenburg erworben wurden, seien durch die Aktion \u00bbEntartete Kunst\u00ab verloren gegangen.<\/p>\n<p class=\"MsoPlainText\">&nbsp;<\/p>\n<p class=\"MsoPlainText\">Zwar galt Noldes Kunst den Nationalsozialisten als \u00bbentartet&#8221;, selbst pflegte der K\u00fcnstler aber eine N\u00e4he zum Nationalsozialismus. Obwohl er 1920 die d\u00e4nische Staatsb\u00fcrgerschaft angenommen hatte, f\u00fchlte er sich stets als Deutscher und war Mitglied der NSDAP. Nach dem Krieg tilgte er antisemitische Passagen seiner Autobiografie, die so bis 2008 erh\u00e4ltlich war.<\/p>\n<p>Kirche-Oldenburg<br \/>\n<a href=\"https:\/\/www.kirche-oldenburg.de\/\/aktuell\/news-niedersachsen\/artikel\/entartete-kunst-landesmuseum-bekommt-nolde-aquarell-zurueck\" target=\"_blank\" rel=\"noopener\">\u00abEntartete Kunst\u00bb: Landesmuseum bekommt Nolde-Aquarell zur\u00fcck<\/a><\/p>\n","protected":false},"excerpt":{"rendered":"<p>Oldenburg (epd). Es wurde 1937 als \u00abentartete Kunst\u00bb von den Nationalsozialisten beschlagnahmt, jetzt kehrt das Aquarell \u00abErnteszene\u00bb von Emil Nolde in das Landesmuseum Kunst &amp; Kultur nach Oldenburg zur\u00fcck. Mit Unterst\u00fctzung des nieders\u00e4chsischen Wissenschaftsministeriums, der Kulturstiftung der L\u00e4nder und der Ernst von Siemens Kunststiftung konnte das 1907 entstandene Werk bei einer Auktion in M\u00fcnchen erworben werden, wie das Museum am Freitag mitteilte. &nbsp; Das Bild soll jetzt vom 24. November an zusammen mit den anderen 1937 beschlagnahmten und inzwischen wiedererlangten Werken im Prinzenpalais des Museums pr\u00e4sentiert werden. Von den 103 im Jahr&nbsp;1937 beschlagnahmten Kunstwerken aus der Sammlung des Landesmuseums sei&#8230;<\/p>\n","protected":false},"author":7,"featured_media":0,"comment_status":"false","ping_status":"open","sticky":false,"template":"","format":"standard","meta":{"footnotes":""},"categories":[43],"tags":[44],"class_list":["post-25796","post","type-post","status-publish","format-standard","hentry","category-kirche-oldenburg","tag-kirche-oldenburg"],"_links":{"self":[{"href":"https:\/\/christusnews.de\/site\/wp-json\/wp\/v2\/posts\/25796","targetHints":{"allow":["GET"]}}],"collection":[{"href":"https:\/\/christusnews.de\/site\/wp-json\/wp\/v2\/posts"}],"about":[{"href":"https:\/\/christusnews.de\/site\/wp-json\/wp\/v2\/types\/post"}],"author":[{"embeddable":true,"href":"https:\/\/christusnews.de\/site\/wp-json\/wp\/v2\/users\/7"}],"replies":[{"embeddable":true,"href":"https:\/\/christusnews.de\/site\/wp-json\/wp\/v2\/comments?post=25796"}],"version-history":[{"count":1,"href":"https:\/\/christusnews.de\/site\/wp-json\/wp\/v2\/posts\/25796\/revisions"}],"predecessor-version":[{"id":25797,"href":"https:\/\/christusnews.de\/site\/wp-json\/wp\/v2\/posts\/25796\/revisions\/25797"}],"wp:attachment":[{"href":"https:\/\/christusnews.de\/site\/wp-json\/wp\/v2\/media?parent=25796"}],"wp:term":[{"taxonomy":"category","embeddable":true,"href":"https:\/\/christusnews.de\/site\/wp-json\/wp\/v2\/categories?post=25796"},{"taxonomy":"post_tag","embeddable":true,"href":"https:\/\/christusnews.de\/site\/wp-json\/wp\/v2\/tags?post=25796"}],"curies":[{"name":"wp","href":"https:\/\/api.w.org\/{rel}","templated":true}]}}