{"id":25798,"date":"2023-11-24T12:37:00","date_gmt":"2023-11-24T11:37:00","guid":{"rendered":"https:\/\/christusnews.de\/site\/reformierte-wollen-extremisten-in-leitenden-gremien-verhindern-experte-fordert-kirchen-zur-selbstkritik-auf\/"},"modified":"2023-11-27T22:18:08","modified_gmt":"2023-11-27T21:18:08","slug":"reformierte-wollen-extremisten-in-leitenden-gremien-verhindern-experte-fordert-kirchen-zur-selbstkritik-auf","status":"publish","type":"post","link":"https:\/\/christusnews.de\/site\/reformierte-wollen-extremisten-in-leitenden-gremien-verhindern-experte-fordert-kirchen-zur-selbstkritik-auf\/","title":{"rendered":"Reformierte wollen Extremisten in leitenden Gremien verhindern &#8211; Experte fordert Kirchen zur Selbstkritik auf"},"content":{"rendered":"<p class=\"MsoPlainText\">Emden (epd). Menschen mit einer extremistischen Haltung k\u00f6nnen die reformierte Kirche in Deutschland \u00abweder nach innen noch nach au\u00dfen vertreten\u00bb. Das hat die Gesamtsynode der Evangelisch-reformierten Kirche am Freitag im Verlauf ihrer Herbsttagung in Emden einstimmig beschlossen. Zur Begr\u00fcndung hie\u00df es, mit dem christlichen Selbstverst\u00e4ndnis sei es nicht vereinbar, Menschen oder Menschengruppen Gleichheit und W\u00fcrde abzusprechen.<\/p>\n<p class=\"MsoPlainText\">&nbsp;<\/p>\n<p class=\"MsoPlainText\">Das gilt laut Synodenbeschluss \u00abegal ob es um Herkunft, Geschlecht, sexuelle Orientierung, Behinderung oder andere Eigenschaften geht\u00bb. Falls Gemeindemitglieder auch nach seelsorgerlichen Gespr\u00e4chen nicht bereit seien, extremistische Positionen zu \u00fcberdenken, sollten sie von der Kandidatur zu den Wahlen leitender Kirchenr\u00e4te ausgeschlossen werden. Gefragt seien \u00abeine klare Haltung und Wachheit gegen\u00fcber rechtsextremen Untert\u00f6nen\u00bb, betonte Kirchenpr\u00e4sidentin Susanne Bei der Wieden.<\/p>\n<p class=\"MsoPlainText\">&nbsp;<\/p>\n<p class=\"MsoPlainText\">\u00c4hnlich hatte sich k\u00fcrzlich der Oldenburger Bischof Thomas Adomeit im Gespr\u00e4ch mit dem Evangelischen Pressedienst (epd) ge\u00e4u\u00dfert. \u00abWenn sich jemand rassistisch, antisemitisch, islamfeindlich, queerfeindlich oder demokratiefeindlich \u00e4u\u00dfert, kommt er oder sie f\u00fcr ein kirchliches Leitungsamt nicht infrage\u00bb, verdeutlichte der Ratsvorsitzende der Konf\u00f6deration evangelischer Kirchen in Niedersachsen. Im M\u00e4rz des kommenden Jahres sollen in Niedersachsen Kirchenvorst\u00e4nde und Kirchenr\u00e4te neu gew\u00e4hlt werden, so auch bundesweit in der reformierten Kirche.<\/p>\n<p class=\"MsoPlainText\">&nbsp;<\/p>\n<p class=\"MsoPlainText\">Vor dem Beschluss hatte der Extremismusexperte Henning Flad die Kirchen aufgefordert, mit Rechtsextremismus und gruppenbezogener Menschenfeindlichkeit in den eigenen Reihen selbstkritisch umzugehen. \u00abGruppenbezogene Menschenfeindlichkeit ist sp\u00fcrbar vorhanden in den Kirchen, und auch mehr, als dies bei den selbst gesetzten Anspr\u00fcchen zufrieden stellen kann\u00bb, sagte der Projektleiter der Bundesarbeitsgemeinschaft \u00abKirche &amp; Rechtsextremismus\u00bb vor der Synode. \u00abDie Kirchen k\u00f6nnen nur Teil der L\u00f6sung sein, wenn sie sich auch als Teil des Problems begreifen\u00bb, bekr\u00e4ftigte der Berliner Experte.<\/p>\n<p class=\"MsoPlainText\">&nbsp;<\/p>\n<p class=\"MsoPlainText\">Der Antisemitismus als eine Auspr\u00e4gung gruppenbezogener Menschenfeindlichkeit geh\u00f6re dabei in besonderer Weise zum kirchlichen Traditionsbestand, f\u00fchrte Flad aus. Er sagte aber auch: \u00abWir sollten betonen, dass es einen klaren Widerspruch zwischen christlicher Ethik und rechtsextremer Ideologie gibt.\u00bb Das biblische Gebot \u00abDu sollst deinen N\u00e4chsten lieben wie dich selbst\u00bb sei in dieser Hinsicht eindeutig. \u00abEs enth\u00e4lt keinen Spielraum f\u00fcr die Diskriminierung und Verfolgung von Menschen.\u00bb<\/p>\n<p>Kirche-Oldenburg<br \/>\n<a href=\"https:\/\/www.kirche-oldenburg.de\/\/aktuell\/news-niedersachsen\/artikel\/reformierte-wollen-extremisten-in-leitenden-gremien-verhindern-experte-fordert-kirchen-zur-selbstkritik-auf\" target=\"_blank\" rel=\"noopener\">Reformierte wollen Extremisten in leitenden Gremien verhindern &#8211; Experte fordert Kirchen zur Selbstkritik auf<\/a><\/p>\n","protected":false},"excerpt":{"rendered":"<p>Emden (epd). Menschen mit einer extremistischen Haltung k\u00f6nnen die reformierte Kirche in Deutschland \u00abweder nach innen noch nach au\u00dfen vertreten\u00bb. Das hat die Gesamtsynode der Evangelisch-reformierten Kirche am Freitag im Verlauf ihrer Herbsttagung in Emden einstimmig beschlossen. Zur Begr\u00fcndung hie\u00df es, mit dem christlichen Selbstverst\u00e4ndnis sei es nicht vereinbar, Menschen oder Menschengruppen Gleichheit und W\u00fcrde abzusprechen. &nbsp; Das gilt laut Synodenbeschluss \u00abegal ob es um Herkunft, Geschlecht, sexuelle Orientierung, Behinderung oder andere Eigenschaften geht\u00bb. Falls Gemeindemitglieder auch nach seelsorgerlichen Gespr\u00e4chen nicht bereit seien, extremistische Positionen zu \u00fcberdenken, sollten sie von der Kandidatur zu den Wahlen leitender Kirchenr\u00e4te ausgeschlossen werden. Gefragt&#8230;<\/p>\n","protected":false},"author":7,"featured_media":0,"comment_status":"false","ping_status":"open","sticky":false,"template":"","format":"standard","meta":{"footnotes":""},"categories":[43],"tags":[44],"class_list":["post-25798","post","type-post","status-publish","format-standard","hentry","category-kirche-oldenburg","tag-kirche-oldenburg"],"_links":{"self":[{"href":"https:\/\/christusnews.de\/site\/wp-json\/wp\/v2\/posts\/25798","targetHints":{"allow":["GET"]}}],"collection":[{"href":"https:\/\/christusnews.de\/site\/wp-json\/wp\/v2\/posts"}],"about":[{"href":"https:\/\/christusnews.de\/site\/wp-json\/wp\/v2\/types\/post"}],"author":[{"embeddable":true,"href":"https:\/\/christusnews.de\/site\/wp-json\/wp\/v2\/users\/7"}],"replies":[{"embeddable":true,"href":"https:\/\/christusnews.de\/site\/wp-json\/wp\/v2\/comments?post=25798"}],"version-history":[{"count":1,"href":"https:\/\/christusnews.de\/site\/wp-json\/wp\/v2\/posts\/25798\/revisions"}],"predecessor-version":[{"id":25799,"href":"https:\/\/christusnews.de\/site\/wp-json\/wp\/v2\/posts\/25798\/revisions\/25799"}],"wp:attachment":[{"href":"https:\/\/christusnews.de\/site\/wp-json\/wp\/v2\/media?parent=25798"}],"wp:term":[{"taxonomy":"category","embeddable":true,"href":"https:\/\/christusnews.de\/site\/wp-json\/wp\/v2\/categories?post=25798"},{"taxonomy":"post_tag","embeddable":true,"href":"https:\/\/christusnews.de\/site\/wp-json\/wp\/v2\/tags?post=25798"}],"curies":[{"name":"wp","href":"https:\/\/api.w.org\/{rel}","templated":true}]}}