{"id":25800,"date":"2023-11-27T10:21:00","date_gmt":"2023-11-27T09:21:00","guid":{"rendered":"https:\/\/christusnews.de\/site\/sexualisierte-gewalt-synode-benennt-ansprechpartner-fuer-herbsttagung\/"},"modified":"2023-11-28T22:17:39","modified_gmt":"2023-11-28T21:17:39","slug":"sexualisierte-gewalt-synode-benennt-ansprechpartner-fuer-herbsttagung","status":"publish","type":"post","link":"https:\/\/christusnews.de\/site\/sexualisierte-gewalt-synode-benennt-ansprechpartner-fuer-herbsttagung\/","title":{"rendered":"Sexualisierte Gewalt: Synode benennt Ansprechpartner f\u00fcr Herbsttagung"},"content":{"rendered":"<p class=\"MsoPlainText\">Hannover (epd). Erstmals werden bei der Herbstsynode der Evangelisch-lutherischen Landeskirche Hannovers zwei Ansprechpartner f\u00fcr das Thema sexualisierte Gewalt bereitstehen. Die Auseinandersetzung mit diesem Thema k\u00f6nne sehr belastend sein, sagte Pastorin Karoline L\u00e4ger-Reinbold von der Fachstelle Sexualisierte Gewalt der Landeskirche am Montag dem Evangelischen Pressedienst (epd). Wer pers\u00f6nlich betroffen sei oder mit Betroffenen in Kontakt stehe, k\u00f6nne sich bei der Sitzung an eine der Ansprechpersonen wenden.<\/p>\n<p class=\"MsoPlainText\">&nbsp;<\/p>\n<p class=\"MsoPlainText\">Das Angebot richte sich an Mitglieder, Mitarbeitende und G\u00e4ste des Kirchenparlamentes, hie\u00df es. Die Landeskirche strebe an, bei allen gr\u00f6\u00dferen Veranstaltungen k\u00fcnftig Schutzkonzepte zu etablieren. Die Landessynode tagt von Dienstag bis Freitag im diakonischen Henriettenstift in Hannover.<\/p>\n<p class=\"MsoPlainText\">&nbsp;<\/p>\n<p class=\"MsoPlainText\">Zwar steht das Thema sexualisierte Gewalt bei der Herbstsitzung nicht ausdr\u00fccklich auf der Tagesordnung. Es wird allerdings erwartet, dass es nach dem R\u00fccktritt der fr\u00fcheren Ratsvorsitzenden der Evangelischen Kirche in Deutschland (EKD), Annette Kurschus, in den Debatten eine Rolle spielen wird. \u00abEs kann immer irgendwo aufploppen\u00bb, sagte L\u00e4ger-Reinbold. Kurschus war vorgeworfen worden, sie sei nicht transparent mit einem mutma\u00dflichen Fall von sexualisierter Gewalt umgegangen.<\/p>\n<p class=\"MsoPlainText\">&nbsp;<\/p>\n<p class=\"MsoPlainText\">Die anderen evangelischen Landeskirchen in Niedersachsen hatten bei ihren Herbstsynoden in der vergangenen Woche weitere Verdachtsf\u00e4lle von sexualisierter Gewalt offengelegt, die nach der Durchsicht von Aktenbest\u00e4nden seit 1946 ans Licht gekommen waren. In der Landeskirche Braunschweig wurden 13 weitere Altf\u00e4lle von Pfarrpersonen bekannt &#8211; bisher ging die Kirchenleitung von acht F\u00e4llen aus. Die oldenburgische Kirche sprach von insgesamt 18 beschuldigten Personen. In Schaumburg-Lippe war von zwei F\u00e4llen die Rede.<\/p>\n<p class=\"MsoPlainText\">&nbsp;<\/p>\n<p class=\"MsoPlainText\">Die Evangelisch-reformierte Kirche mit Sitz in Leer sprach von zehn beschuldigten oder verd\u00e4chtigten Personen. Allerdings seien nicht alle F\u00e4lle aktenkundig, sagte Kirchenpr\u00e4sidentin Susanne Bei der Wieden. So sei im vergangenen Sommer ein Fall nur durch die Anzeige einer Betroffenen offenbar geworden.<\/p>\n<p>Kirche-Oldenburg<br \/>\n<a href=\"https:\/\/www.kirche-oldenburg.de\/\/aktuell\/news-niedersachsen\/artikel\/sexualisierte-gewalt-synode-benennt-ansprechpartner-fuer-herbsttagung\" target=\"_blank\" rel=\"noopener\">Sexualisierte Gewalt: Synode benennt Ansprechpartner f\u00fcr Herbsttagung<\/a><\/p>\n","protected":false},"excerpt":{"rendered":"<p>Hannover (epd). Erstmals werden bei der Herbstsynode der Evangelisch-lutherischen Landeskirche Hannovers zwei Ansprechpartner f\u00fcr das Thema sexualisierte Gewalt bereitstehen. Die Auseinandersetzung mit diesem Thema k\u00f6nne sehr belastend sein, sagte Pastorin Karoline L\u00e4ger-Reinbold von der Fachstelle Sexualisierte Gewalt der Landeskirche am Montag dem Evangelischen Pressedienst (epd). Wer pers\u00f6nlich betroffen sei oder mit Betroffenen in Kontakt stehe, k\u00f6nne sich bei der Sitzung an eine der Ansprechpersonen wenden. &nbsp; Das Angebot richte sich an Mitglieder, Mitarbeitende und G\u00e4ste des Kirchenparlamentes, hie\u00df es. Die Landeskirche strebe an, bei allen gr\u00f6\u00dferen Veranstaltungen k\u00fcnftig Schutzkonzepte zu etablieren. Die Landessynode tagt von Dienstag bis Freitag im diakonischen&#8230;<\/p>\n","protected":false},"author":7,"featured_media":0,"comment_status":"false","ping_status":"open","sticky":false,"template":"","format":"standard","meta":{"footnotes":""},"categories":[43],"tags":[44],"class_list":["post-25800","post","type-post","status-publish","format-standard","hentry","category-kirche-oldenburg","tag-kirche-oldenburg"],"_links":{"self":[{"href":"https:\/\/christusnews.de\/site\/wp-json\/wp\/v2\/posts\/25800","targetHints":{"allow":["GET"]}}],"collection":[{"href":"https:\/\/christusnews.de\/site\/wp-json\/wp\/v2\/posts"}],"about":[{"href":"https:\/\/christusnews.de\/site\/wp-json\/wp\/v2\/types\/post"}],"author":[{"embeddable":true,"href":"https:\/\/christusnews.de\/site\/wp-json\/wp\/v2\/users\/7"}],"replies":[{"embeddable":true,"href":"https:\/\/christusnews.de\/site\/wp-json\/wp\/v2\/comments?post=25800"}],"version-history":[{"count":1,"href":"https:\/\/christusnews.de\/site\/wp-json\/wp\/v2\/posts\/25800\/revisions"}],"predecessor-version":[{"id":25801,"href":"https:\/\/christusnews.de\/site\/wp-json\/wp\/v2\/posts\/25800\/revisions\/25801"}],"wp:attachment":[{"href":"https:\/\/christusnews.de\/site\/wp-json\/wp\/v2\/media?parent=25800"}],"wp:term":[{"taxonomy":"category","embeddable":true,"href":"https:\/\/christusnews.de\/site\/wp-json\/wp\/v2\/categories?post=25800"},{"taxonomy":"post_tag","embeddable":true,"href":"https:\/\/christusnews.de\/site\/wp-json\/wp\/v2\/tags?post=25800"}],"curies":[{"name":"wp","href":"https:\/\/api.w.org\/{rel}","templated":true}]}}