{"id":25802,"date":"2023-11-27T10:20:00","date_gmt":"2023-11-27T09:20:00","guid":{"rendered":"https:\/\/christusnews.de\/site\/evangelische-jugend-bestaetigt-bundesvorsitzenden-kopp-im-amt\/"},"modified":"2023-11-28T22:17:40","modified_gmt":"2023-11-28T21:17:40","slug":"evangelische-jugend-bestaetigt-bundesvorsitzenden-kopp-im-amt","status":"publish","type":"post","link":"https:\/\/christusnews.de\/site\/evangelische-jugend-bestaetigt-bundesvorsitzenden-kopp-im-amt\/","title":{"rendered":"Evangelische Jugend best\u00e4tigt Bundesvorsitzenden Kopp im Amt\u00a0"},"content":{"rendered":"<p class=\"MsoPlainText\">Hannover\/Pl\u00f6n (epd). Der Bundesvorsitzende der Evangelischen Jugend in Deutschland (aej), Hansj\u00f6rg Kopp, ist f\u00fcr die n\u00e4chsten drei Jahre in seinem Amt best\u00e4tigt worden. Die Mitgliederversammlung habe den 1972 geborenen Pastor am Sonnabend in Pl\u00f6n wiedergew\u00e4hlt, teilte die Organisation mit Sitz in Hannover am Montag mit. Kopp ist zudem seit&nbsp;2017 Generalsekret\u00e4r des Christlichen Vereins Junger Menschen (CVJM) Deutschland.<\/p>\n<p class=\"MsoPlainText\">&nbsp;<\/p>\n<p class=\"MsoPlainText\">Zu stellvertretenden Vorsitzenden gew\u00e4hlt wurden den Angaben zufolge die beiden ehrenamtlich T\u00e4tigen Konrad Brakhage von der Evangelischen Jugend in der Evangelischen Kirche in Mitteldeutschland (EKM) und Johanna Panter aus dem Gemeindejugendwerk des Bundes Evangelisch-Freikirchlicher Gemeinden in Deutschland. Zudem ist der Landesjugendpfarrer der Evangelischen Kirche in Hessen und Nassau, Gernot Bach-Leucht, stellvertretender Vorsitzender. Au\u00dferdem wurde Gernot Quasebarth in seinem Amt als Schatzmeister best\u00e4tigt.<\/p>\n<p class=\"MsoPlainText\">&nbsp;<\/p>\n<p class=\"MsoPlainText\">Die aej vertritt als Dachorganisation die Interessen der Evangelischen Jugend in Deutschland auf Bundesebene. 32 Mitgliedsorganisationen und acht au\u00dferordentliche Mitglieder arbeiten dort zusammen.<\/p>\n<p>Kirche-Oldenburg<br \/>\n<a href=\"https:\/\/www.kirche-oldenburg.de\/\/aktuell\/news-niedersachsen\/artikel\/evangelische-jugend-bestaetigt-bundesvorsitzenden-kopp-im-amt\" target=\"_blank\" rel=\"noopener\">Evangelische Jugend best\u00e4tigt Bundesvorsitzenden Kopp im Amt\u00a0<\/a><\/p>\n","protected":false},"excerpt":{"rendered":"<p>Hannover\/Pl\u00f6n (epd). Der Bundesvorsitzende der Evangelischen Jugend in Deutschland (aej), Hansj\u00f6rg Kopp, ist f\u00fcr die n\u00e4chsten drei Jahre in seinem Amt best\u00e4tigt worden. Die Mitgliederversammlung habe den 1972 geborenen Pastor am Sonnabend in Pl\u00f6n wiedergew\u00e4hlt, teilte die Organisation mit Sitz in Hannover am Montag mit. Kopp ist zudem seit&nbsp;2017 Generalsekret\u00e4r des Christlichen Vereins Junger Menschen (CVJM) Deutschland. &nbsp; Zu stellvertretenden Vorsitzenden gew\u00e4hlt wurden den Angaben zufolge die beiden ehrenamtlich T\u00e4tigen Konrad Brakhage von der Evangelischen Jugend in der Evangelischen Kirche in Mitteldeutschland (EKM) und Johanna Panter aus dem Gemeindejugendwerk des Bundes Evangelisch-Freikirchlicher Gemeinden in Deutschland. Zudem ist der Landesjugendpfarrer der&#8230;<\/p>\n","protected":false},"author":7,"featured_media":0,"comment_status":"false","ping_status":"open","sticky":false,"template":"","format":"standard","meta":{"footnotes":""},"categories":[43],"tags":[44],"class_list":["post-25802","post","type-post","status-publish","format-standard","hentry","category-kirche-oldenburg","tag-kirche-oldenburg"],"_links":{"self":[{"href":"https:\/\/christusnews.de\/site\/wp-json\/wp\/v2\/posts\/25802","targetHints":{"allow":["GET"]}}],"collection":[{"href":"https:\/\/christusnews.de\/site\/wp-json\/wp\/v2\/posts"}],"about":[{"href":"https:\/\/christusnews.de\/site\/wp-json\/wp\/v2\/types\/post"}],"author":[{"embeddable":true,"href":"https:\/\/christusnews.de\/site\/wp-json\/wp\/v2\/users\/7"}],"replies":[{"embeddable":true,"href":"https:\/\/christusnews.de\/site\/wp-json\/wp\/v2\/comments?post=25802"}],"version-history":[{"count":1,"href":"https:\/\/christusnews.de\/site\/wp-json\/wp\/v2\/posts\/25802\/revisions"}],"predecessor-version":[{"id":25803,"href":"https:\/\/christusnews.de\/site\/wp-json\/wp\/v2\/posts\/25802\/revisions\/25803"}],"wp:attachment":[{"href":"https:\/\/christusnews.de\/site\/wp-json\/wp\/v2\/media?parent=25802"}],"wp:term":[{"taxonomy":"category","embeddable":true,"href":"https:\/\/christusnews.de\/site\/wp-json\/wp\/v2\/categories?post=25802"},{"taxonomy":"post_tag","embeddable":true,"href":"https:\/\/christusnews.de\/site\/wp-json\/wp\/v2\/tags?post=25802"}],"curies":[{"name":"wp","href":"https:\/\/api.w.org\/{rel}","templated":true}]}}