{"id":25806,"date":"2023-11-28T08:26:00","date_gmt":"2023-11-28T07:26:00","guid":{"rendered":"https:\/\/christusnews.de\/site\/diakonie-verkauft-wieder-weihnachtsbaeume-fuer-den-guten-zweck\/"},"modified":"2023-11-29T10:18:01","modified_gmt":"2023-11-29T09:18:01","slug":"diakonie-verkauft-wieder-weihnachtsbaeume-fuer-den-guten-zweck","status":"publish","type":"post","link":"https:\/\/christusnews.de\/site\/diakonie-verkauft-wieder-weihnachtsbaeume-fuer-den-guten-zweck\/","title":{"rendered":"Diakonie verkauft wieder Weihnachtsb\u00e4ume f\u00fcr den guten Zweck"},"content":{"rendered":"<p class=\"MsoPlainText\">Wilhelmshaven (epd). Die Diakonie in Wilhelmshaven startet am Sonnabend (2. Dezember) wieder einen Weihnachtsbaumverkauf f\u00fcr den guten Zweck. Bis kurz vor Weihnachten biete das evangelische Hilfswerk Tannen aus der Region an, teilte Diakonischen Werk Friesland-Wilhelmshaven mit. Der Erl\u00f6s der diesj\u00e4hrigen Aktion ist f\u00fcr die Migrationsberatung in der Notunterkunft der Diakonie in der Marienstra\u00dfe bestimmt. Schirmherr ist in diesem Jahr der Kreispfarrer des Kirchenkreises Friesland-Wilhelmshaven, Christian Scheuer.<\/p>\n<p class=\"MsoPlainText\">&nbsp;<\/p>\n<p class=\"MsoPlainText\">Die B\u00e4ume werden bei der Diakonie in der Weserstra\u00dfe an den Wochenenden von 11 bis 17 Uhr und in der Woche von 14 bis 17 Uhr von Ehrenamtlichen verkauft. Vom 7. bis 9. Dezember sollen zus\u00e4tzlich Weihnachtsb\u00e4ume beim Sozialen Kaufhaus der Diakonie in Schortens im Brauerweg von 10 bis 16 Uhr angeboten werden.<\/p>\n<p>Kirche-Oldenburg<br \/>\n<a href=\"https:\/\/www.kirche-oldenburg.de\/\/aktuell\/news-niedersachsen\/artikel\/diakonie-verkauft-wieder-weihnachtsbaeume-fuer-den-guten-zweck\" target=\"_blank\" rel=\"noopener\">Diakonie verkauft wieder Weihnachtsb\u00e4ume f\u00fcr den guten Zweck<\/a><\/p>\n","protected":false},"excerpt":{"rendered":"<p>Wilhelmshaven (epd). Die Diakonie in Wilhelmshaven startet am Sonnabend (2. Dezember) wieder einen Weihnachtsbaumverkauf f\u00fcr den guten Zweck. Bis kurz vor Weihnachten biete das evangelische Hilfswerk Tannen aus der Region an, teilte Diakonischen Werk Friesland-Wilhelmshaven mit. Der Erl\u00f6s der diesj\u00e4hrigen Aktion ist f\u00fcr die Migrationsberatung in der Notunterkunft der Diakonie in der Marienstra\u00dfe bestimmt. Schirmherr ist in diesem Jahr der Kreispfarrer des Kirchenkreises Friesland-Wilhelmshaven, Christian Scheuer. &nbsp; Die B\u00e4ume werden bei der Diakonie in der Weserstra\u00dfe an den Wochenenden von 11 bis 17 Uhr und in der Woche von 14 bis 17 Uhr von Ehrenamtlichen verkauft. Vom 7. bis 9&#8230;.<\/p>\n","protected":false},"author":7,"featured_media":0,"comment_status":"false","ping_status":"open","sticky":false,"template":"","format":"standard","meta":{"footnotes":""},"categories":[43],"tags":[44],"class_list":["post-25806","post","type-post","status-publish","format-standard","hentry","category-kirche-oldenburg","tag-kirche-oldenburg"],"_links":{"self":[{"href":"https:\/\/christusnews.de\/site\/wp-json\/wp\/v2\/posts\/25806","targetHints":{"allow":["GET"]}}],"collection":[{"href":"https:\/\/christusnews.de\/site\/wp-json\/wp\/v2\/posts"}],"about":[{"href":"https:\/\/christusnews.de\/site\/wp-json\/wp\/v2\/types\/post"}],"author":[{"embeddable":true,"href":"https:\/\/christusnews.de\/site\/wp-json\/wp\/v2\/users\/7"}],"replies":[{"embeddable":true,"href":"https:\/\/christusnews.de\/site\/wp-json\/wp\/v2\/comments?post=25806"}],"version-history":[{"count":1,"href":"https:\/\/christusnews.de\/site\/wp-json\/wp\/v2\/posts\/25806\/revisions"}],"predecessor-version":[{"id":25807,"href":"https:\/\/christusnews.de\/site\/wp-json\/wp\/v2\/posts\/25806\/revisions\/25807"}],"wp:attachment":[{"href":"https:\/\/christusnews.de\/site\/wp-json\/wp\/v2\/media?parent=25806"}],"wp:term":[{"taxonomy":"category","embeddable":true,"href":"https:\/\/christusnews.de\/site\/wp-json\/wp\/v2\/categories?post=25806"},{"taxonomy":"post_tag","embeddable":true,"href":"https:\/\/christusnews.de\/site\/wp-json\/wp\/v2\/tags?post=25806"}],"curies":[{"name":"wp","href":"https:\/\/api.w.org\/{rel}","templated":true}]}}