{"id":25812,"date":"2023-11-26T14:54:03","date_gmt":"2023-11-26T13:54:03","guid":{"rendered":"https:\/\/christusnews.de\/site\/?p=25812"},"modified":"2023-11-29T14:54:26","modified_gmt":"2023-11-29T13:54:26","slug":"klein-aber-fein-weihnachtsbasar-der-flotten-nadeln","status":"publish","type":"post","link":"https:\/\/christusnews.de\/site\/klein-aber-fein-weihnachtsbasar-der-flotten-nadeln\/","title":{"rendered":"Klein aber fein&#8230; Weihnachtsbasar der \u201eFlotten Nadeln\u201c"},"content":{"rendered":"\n<p><strong>Klein aber fein\u2026\u00a0<\/strong>ist der Weihnachtsbasar der \u201eFlotten Nadeln\u201c.<\/p>\n\n\n\n<p>Neben tollen Geschenkideen gibt es f\u00fcr die kalten Tage M\u00fctzen, Handschuhe, Schals, T\u00fccher und nat\u00fcrlich unseren Renner, warme Socken und Filz-Hausschuhe.<\/p>\n\n\n\n<p>Los geht es am Samstag, den 2.Dezember von 11:00 Uhr bis 17:00 Uhr sowie Sonntag, den 3. Dezember ebenfalls ab 11:00 Uhr&nbsp;<\/p>\n\n\n\n<p>Im Gemeindehaus der Christus-Garnisonkirche am Kirchplatz 1.<\/p>\n\n\n\n<p>Am 2. und 3. Advent sind wir im Rahmen des Kirchenkaffes f\u00fcr Sie da.<\/p>\n\n\n\n<p>Es darf nach Herzenslust \u201egeschn\u00fcstert\u201c werden.<\/p>\n\n\n\n<p>Der Erl\u00f6s geht an gemeinn\u00fctzige Einrichtungen der Gemeinde.<\/p>\n","protected":false},"excerpt":{"rendered":"<p>Klein aber fein\u2026\u00a0ist der Weihnachtsbasar der \u201eFlotten Nadeln\u201c. Neben tollen Geschenkideen gibt es f\u00fcr die kalten Tage M\u00fctzen, Handschuhe, Schals, T\u00fccher und nat\u00fcrlich unseren Renner, warme Socken und Filz-Hausschuhe. Los geht es am Samstag, den 2.Dezember von 11:00 Uhr bis 17:00 Uhr sowie Sonntag, den 3. Dezember ebenfalls ab 11:00 Uhr&nbsp; Im Gemeindehaus der Christus-Garnisonkirche am Kirchplatz 1. Am 2. und 3. Advent sind wir im Rahmen des Kirchenkaffes f\u00fcr Sie da. Es darf nach Herzenslust \u201egeschn\u00fcstert\u201c werden. Der Erl\u00f6s geht an gemeinn\u00fctzige Einrichtungen der Gemeinde.<\/p>\n","protected":false},"author":4,"featured_media":22719,"comment_status":"closed","ping_status":"open","sticky":false,"template":"","format":"standard","meta":{"footnotes":""},"categories":[1],"tags":[],"class_list":["post-25812","post","type-post","status-publish","format-standard","has-post-thumbnail","hentry","category-gemeinde"],"_links":{"self":[{"href":"https:\/\/christusnews.de\/site\/wp-json\/wp\/v2\/posts\/25812","targetHints":{"allow":["GET"]}}],"collection":[{"href":"https:\/\/christusnews.de\/site\/wp-json\/wp\/v2\/posts"}],"about":[{"href":"https:\/\/christusnews.de\/site\/wp-json\/wp\/v2\/types\/post"}],"author":[{"embeddable":true,"href":"https:\/\/christusnews.de\/site\/wp-json\/wp\/v2\/users\/4"}],"replies":[{"embeddable":true,"href":"https:\/\/christusnews.de\/site\/wp-json\/wp\/v2\/comments?post=25812"}],"version-history":[{"count":1,"href":"https:\/\/christusnews.de\/site\/wp-json\/wp\/v2\/posts\/25812\/revisions"}],"predecessor-version":[{"id":25813,"href":"https:\/\/christusnews.de\/site\/wp-json\/wp\/v2\/posts\/25812\/revisions\/25813"}],"wp:featuredmedia":[{"embeddable":true,"href":"https:\/\/christusnews.de\/site\/wp-json\/wp\/v2\/media\/22719"}],"wp:attachment":[{"href":"https:\/\/christusnews.de\/site\/wp-json\/wp\/v2\/media?parent=25812"}],"wp:term":[{"taxonomy":"category","embeddable":true,"href":"https:\/\/christusnews.de\/site\/wp-json\/wp\/v2\/categories?post=25812"},{"taxonomy":"post_tag","embeddable":true,"href":"https:\/\/christusnews.de\/site\/wp-json\/wp\/v2\/tags?post=25812"}],"curies":[{"name":"wp","href":"https:\/\/api.w.org\/{rel}","templated":true}]}}