{"id":25814,"date":"2023-11-29T18:59:10","date_gmt":"2023-11-29T17:59:10","guid":{"rendered":"https:\/\/christusnews.de\/site\/konzert-marlene-dietrich-und-der-frieden-vom-duo-hellmann-denker-faellt-aus-wegen-einer-erkrankung-faellt-das-geplante-konzert-in-der-christus-und-garnisonkirche-am-30-november\/"},"modified":"2023-11-29T22:18:26","modified_gmt":"2023-11-29T21:18:26","slug":"konzert-marlene-dietrich-und-der-frieden-vom-duo-hellmann-denker-faellt-aus-wegen-einer-erkrankung-faellt-das-geplante-konzert-in-der-christus-und-garnisonkirche-am-30-november","status":"publish","type":"post","link":"https:\/\/christusnews.de\/site\/konzert-marlene-dietrich-und-der-frieden-vom-duo-hellmann-denker-faellt-aus-wegen-einer-erkrankung-faellt-das-geplante-konzert-in-der-christus-und-garnisonkirche-am-30-november\/","title":{"rendered":"Konzert \u201eMarlene Dietrich und der Frieden\u201c vom Duo Hellmann \/ Denker f\u00e4llt aus. \nWegen einer Erkrankung f\u00e4llt das geplante Konzert in der Christus- und Garnisonkirche am 30 November  leider aus.  Anl\u00e4sslich der Ausstellung von Bernd N\u00f6hre, die sich im Titel auf ein Dietrich Lied bezieht, wollte das Duo ein Konzert unter dem Titel \u201eMarlene Dietrich und der Frieden\u201c geben."},"content":{"rendered":"<p>Konzert \u201eMarlene Dietrich und der Frieden\u201c vom Duo Hellmann \/ Denker f\u00e4llt aus.<br \/>\nWegen einer Erkrankung f\u00e4llt das geplante Konzert in der Christus- und Garnisonkirche am 30 November  leider aus.  Anl\u00e4sslich der Ausstellung von Bernd N\u00f6hre, die sich im Titel auf ein Dietrich Lied bezieht, wollte das Duo ein Konzert unter dem Titel \u201eMarlene Dietrich und der Frieden\u201c geben.<br \/>\nHAVENKIRCHE@FB<br \/>\n<a href=\"https:\/\/www.facebook.com\/396185572708352\/posts\/658801769780063\" target=\"_blank\" rel=\"noopener\">Konzert \u201eMarlene Dietrich und der Frieden\u201c vom Duo Hellmann \/ Denker f\u00e4llt aus.<br \/>\nWegen einer Erkrankung f\u00e4llt das geplante Konzert in der Christus- und Garnisonkirche am 30 November  leider aus.  Anl\u00e4sslich der Ausstellung von Bernd N\u00f6hre, die sich im Titel auf ein Dietrich Lied bezieht, wollte das Duo ein Konzert unter dem Titel \u201eMarlene Dietrich und der Frieden\u201c geben.<\/a><\/p>\n","protected":false},"excerpt":{"rendered":"<p>Konzert \u201eMarlene Dietrich und der Frieden\u201c vom Duo Hellmann \/ Denker f\u00e4llt aus. Wegen einer Erkrankung f\u00e4llt das geplante Konzert in der Christus- und Garnisonkirche am 30 November leider aus. Anl\u00e4sslich der Ausstellung von Bernd N\u00f6hre, die sich im Titel auf ein Dietrich Lied bezieht, wollte das Duo ein Konzert unter dem Titel \u201eMarlene Dietrich und der Frieden\u201c geben. HAVENKIRCHE@FB Konzert \u201eMarlene Dietrich und der Frieden\u201c vom Duo Hellmann \/ Denker f\u00e4llt aus. Wegen einer Erkrankung f\u00e4llt das geplante Konzert in der Christus- und Garnisonkirche am 30 November leider aus. Anl\u00e4sslich der Ausstellung von Bernd N\u00f6hre, die sich im Titel&#8230;<\/p>\n","protected":false},"author":6,"featured_media":0,"comment_status":"false","ping_status":"open","sticky":false,"template":"","format":"standard","meta":{"footnotes":""},"categories":[75],"tags":[76],"class_list":["post-25814","post","type-post","status-publish","format-standard","hentry","category-havenkirche","tag-havenkirche"],"_links":{"self":[{"href":"https:\/\/christusnews.de\/site\/wp-json\/wp\/v2\/posts\/25814","targetHints":{"allow":["GET"]}}],"collection":[{"href":"https:\/\/christusnews.de\/site\/wp-json\/wp\/v2\/posts"}],"about":[{"href":"https:\/\/christusnews.de\/site\/wp-json\/wp\/v2\/types\/post"}],"author":[{"embeddable":true,"href":"https:\/\/christusnews.de\/site\/wp-json\/wp\/v2\/users\/6"}],"replies":[{"embeddable":true,"href":"https:\/\/christusnews.de\/site\/wp-json\/wp\/v2\/comments?post=25814"}],"version-history":[{"count":1,"href":"https:\/\/christusnews.de\/site\/wp-json\/wp\/v2\/posts\/25814\/revisions"}],"predecessor-version":[{"id":25815,"href":"https:\/\/christusnews.de\/site\/wp-json\/wp\/v2\/posts\/25814\/revisions\/25815"}],"wp:attachment":[{"href":"https:\/\/christusnews.de\/site\/wp-json\/wp\/v2\/media?parent=25814"}],"wp:term":[{"taxonomy":"category","embeddable":true,"href":"https:\/\/christusnews.de\/site\/wp-json\/wp\/v2\/categories?post=25814"},{"taxonomy":"post_tag","embeddable":true,"href":"https:\/\/christusnews.de\/site\/wp-json\/wp\/v2\/tags?post=25814"}],"curies":[{"name":"wp","href":"https:\/\/api.w.org\/{rel}","templated":true}]}}