{"id":25822,"date":"2023-11-30T08:13:00","date_gmt":"2023-11-30T07:13:00","guid":{"rendered":"https:\/\/christusnews.de\/site\/anders-amen-pastorinnen-mit-neuer-gemeinde-in-osnabrueck\/"},"modified":"2023-12-01T10:17:34","modified_gmt":"2023-12-01T09:17:34","slug":"anders-amen-pastorinnen-mit-neuer-gemeinde-in-osnabrueck","status":"publish","type":"post","link":"https:\/\/christusnews.de\/site\/anders-amen-pastorinnen-mit-neuer-gemeinde-in-osnabrueck\/","title":{"rendered":"\u00abAnders Amen\u00bb-Pastorinnen mit neuer Gemeinde in Osnabr\u00fcck"},"content":{"rendered":"<p>Osnabr\u00fcck\/Hannover (epd). Die als YouTuber bekannten Pastorinnen Ellen und Steffi Radtke haben in Osnabr\u00fcck eine neue Gemeindepfarrstelle angetreten. Superintendent Joachim Jeska wird das Ehepaar am Sonntag (3. Dezember) in der Michaeliskirche in ihren Dienst einf\u00fchren, wie der Kirchenkreis am Donnerstag mitteilte. F\u00fcr ihre neue Aufgabe h\u00e4tten sie das provozierende Motto \u00abKinder, K\u00fcche, Kirche\u00bb gew\u00e4hlt, betonten die beiden Pastorinnen, die gerade ihr zweites Kind bekommen haben.<\/p>\n<p>\nSie wollten die Kirche f\u00fcr den gesamten Stadtteil \u00f6ffnen, k\u00fcndigte Ellen Radtke an. \u00abDie Menschen hier sollen wissen: hier ist ein Ort f\u00fcr alle.\u00bb Dabei sei es letztlich unerheblich, ob diejenigen, die mitmachen wollten, Kirchenmitglieder seien. Ellen und Steffi Radtke betreiben au\u00dferdem den YouTube-Kanal \u00abAnders Amen\u00bb, der rund 28.500 Abonnenten hat.<\/p>\n<p>\nDie beiden Theologinnen, die gerade ihr zweites Kind bekommen haben, teilen sich den Angaben zufolge eine volle Pfarrstelle in der Michaelisgemeinde, die seit fast zweieinhalb Jahren nicht mehr besetzt war. Steffi Radtke hat ihren Dienst bereits im Oktober aufgenommen, Ellen Radtke folgte im November. Die Radtkes waren bis Ende 2022 f\u00fcnfeinhalb Jahren in der evangelischen Kirchengemeinde in Eime (Kreis Hildesheim) t\u00e4tig. Danach unternahmen sie eine Weltreise, \u00fcber die sie auf ihrem YouTube-Kanal berichteten. Sie sind seit elf Jahren in eingetragener Lebenspartnerschaft verbunden und seit sechs Jahren verheiratet.<\/p>\n<p>\nDie Social-Media-Arbeit der Influencerinnen f\u00fcr \u00abAnders Amen\u00bb werde weiterhin mit ebenfalls einer vollen Stelle von der Landeskirche finanziert. Dort lassen die Radtkes ihre Follower an ihrem Alltag teilhaben und diskutieren Fragen zu Religion, Spiritualit\u00e4t und queerem Leben. Sie wollen damit ein Zeichen f\u00fcr mehr Vielfalt in der evangelischen Kirche setzen.<\/p>\n<p>Kirche-Oldenburg<br \/>\n<a href=\"https:\/\/www.kirche-oldenburg.de\/\/aktuell\/news-niedersachsen\/artikel\/anders-amen-pastorinnen-mit-neuer-gemeinde-in-osnabrueck\" target=\"_blank\" rel=\"noopener\">\u00abAnders Amen\u00bb-Pastorinnen mit neuer Gemeinde in Osnabr\u00fcck<\/a><\/p>\n","protected":false},"excerpt":{"rendered":"<p>Osnabr\u00fcck\/Hannover (epd). Die als YouTuber bekannten Pastorinnen Ellen und Steffi Radtke haben in Osnabr\u00fcck eine neue Gemeindepfarrstelle angetreten. Superintendent Joachim Jeska wird das Ehepaar am Sonntag (3. Dezember) in der Michaeliskirche in ihren Dienst einf\u00fchren, wie der Kirchenkreis am Donnerstag mitteilte. F\u00fcr ihre neue Aufgabe h\u00e4tten sie das provozierende Motto \u00abKinder, K\u00fcche, Kirche\u00bb gew\u00e4hlt, betonten die beiden Pastorinnen, die gerade ihr zweites Kind bekommen haben. Sie wollten die Kirche f\u00fcr den gesamten Stadtteil \u00f6ffnen, k\u00fcndigte Ellen Radtke an. \u00abDie Menschen hier sollen wissen: hier ist ein Ort f\u00fcr alle.\u00bb Dabei sei es letztlich unerheblich, ob diejenigen, die mitmachen wollten, Kirchenmitglieder&#8230;<\/p>\n","protected":false},"author":7,"featured_media":0,"comment_status":"false","ping_status":"open","sticky":false,"template":"","format":"standard","meta":{"footnotes":""},"categories":[43],"tags":[44],"class_list":["post-25822","post","type-post","status-publish","format-standard","hentry","category-kirche-oldenburg","tag-kirche-oldenburg"],"_links":{"self":[{"href":"https:\/\/christusnews.de\/site\/wp-json\/wp\/v2\/posts\/25822","targetHints":{"allow":["GET"]}}],"collection":[{"href":"https:\/\/christusnews.de\/site\/wp-json\/wp\/v2\/posts"}],"about":[{"href":"https:\/\/christusnews.de\/site\/wp-json\/wp\/v2\/types\/post"}],"author":[{"embeddable":true,"href":"https:\/\/christusnews.de\/site\/wp-json\/wp\/v2\/users\/7"}],"replies":[{"embeddable":true,"href":"https:\/\/christusnews.de\/site\/wp-json\/wp\/v2\/comments?post=25822"}],"version-history":[{"count":1,"href":"https:\/\/christusnews.de\/site\/wp-json\/wp\/v2\/posts\/25822\/revisions"}],"predecessor-version":[{"id":25823,"href":"https:\/\/christusnews.de\/site\/wp-json\/wp\/v2\/posts\/25822\/revisions\/25823"}],"wp:attachment":[{"href":"https:\/\/christusnews.de\/site\/wp-json\/wp\/v2\/media?parent=25822"}],"wp:term":[{"taxonomy":"category","embeddable":true,"href":"https:\/\/christusnews.de\/site\/wp-json\/wp\/v2\/categories?post=25822"},{"taxonomy":"post_tag","embeddable":true,"href":"https:\/\/christusnews.de\/site\/wp-json\/wp\/v2\/tags?post=25822"}],"curies":[{"name":"wp","href":"https:\/\/api.w.org\/{rel}","templated":true}]}}