{"id":25824,"date":"2023-11-30T08:11:00","date_gmt":"2023-11-30T07:11:00","guid":{"rendered":"https:\/\/christusnews.de\/site\/bauern-oeffnen-staelle-und-scheunen-fuer-adventsfeiern\/"},"modified":"2023-12-01T10:17:35","modified_gmt":"2023-12-01T09:17:35","slug":"bauern-oeffnen-staelle-und-scheunen-fuer-adventsfeiern","status":"publish","type":"post","link":"https:\/\/christusnews.de\/site\/bauern-oeffnen-staelle-und-scheunen-fuer-adventsfeiern\/","title":{"rendered":"Bauern \u00f6ffnen St\u00e4lle und Scheunen f\u00fcr Adventsfeiern"},"content":{"rendered":"<p>Hannover (epd). Landwirte aus ganz Niedersachsen \u00f6ffnen im Dezember ihre Stallt\u00fcren und laden Besucher zu Adventsfeiern ein. \u00abDer Stall ist der Ort, an dem das Jesuskind vor mehr als 2.000 Jahren inmitten der Ruhe und W\u00e4rme der Tiere, der Gem\u00fctlichkeit des Strohs und der Geborgenheit des Stalles geboren wurde und ein Licht in die Welt brachte\u00bb, sagte Fenja Badura vom Kreisbauernverband Land Hadeln am Donnerstag. Die Bauern wollten den G\u00e4sten in ihren St\u00e4llen und Scheunen eine Freude bereiten und einen Moment des Friedens schenken.<\/p>\n<p>\nIm Land Hadeln organisieren Bauernfamilien einen \u00ablebendigen Adventskalender\u00bb. An jedem Tag werde auf einem Hof eine Adventsgeschichte \u00abin gem\u00fctlicher Atmosph\u00e4re\u00bb vorgelesen, teilte das Landvolk Niedersachsen mit. Auch im Osnabr\u00fccker Land soll sich in der Vorweihnachtszeit t\u00e4glich ein anderes Stall- oder Scheunent\u00fcrchen \u00f6ffnen.<\/p>\n<p>\nVier Landwirte vom Landvolk-Kreisverband L\u00fcneburger Heide laden zu \u00abGeschichten aus dem Stroh\u00bb ein. Im Anschluss seien ein Hofrundgang und der Ausschank hei\u00dfer Getr\u00e4nke geplant, hie\u00df es. Weitere Adventsaktionen werden vom Landvolk Diepholz und im Landkreis Oldenburg vorbereitet.<\/p>\n<p>\nIn Osterholz, Bremen, Worpswede, Ritterhude, Oyten, Rotenburg, Fischerhude sowie im Alten Land organisieren Landwirte adventliche Lichterfahrten. Unter dem Motto \u00abEin Funken Hoffnung\u00bb sollen dabei Spenden f\u00fcr ein Kinderhospiz gesammelt werden.<br \/>\n&nbsp;<\/p>\n<p>Kirche-Oldenburg<br \/>\n<a href=\"https:\/\/www.kirche-oldenburg.de\/\/aktuell\/news-niedersachsen\/artikel\/bauern-oeffnen-staelle-und-scheunen-fuer-adventsfeiern\" target=\"_blank\" rel=\"noopener\">Bauern \u00f6ffnen St\u00e4lle und Scheunen f\u00fcr Adventsfeiern<\/a><\/p>\n","protected":false},"excerpt":{"rendered":"<p>Hannover (epd). Landwirte aus ganz Niedersachsen \u00f6ffnen im Dezember ihre Stallt\u00fcren und laden Besucher zu Adventsfeiern ein. \u00abDer Stall ist der Ort, an dem das Jesuskind vor mehr als 2.000 Jahren inmitten der Ruhe und W\u00e4rme der Tiere, der Gem\u00fctlichkeit des Strohs und der Geborgenheit des Stalles geboren wurde und ein Licht in die Welt brachte\u00bb, sagte Fenja Badura vom Kreisbauernverband Land Hadeln am Donnerstag. Die Bauern wollten den G\u00e4sten in ihren St\u00e4llen und Scheunen eine Freude bereiten und einen Moment des Friedens schenken. Im Land Hadeln organisieren Bauernfamilien einen \u00ablebendigen Adventskalender\u00bb. An jedem Tag werde auf einem Hof eine&#8230;<\/p>\n","protected":false},"author":7,"featured_media":0,"comment_status":"false","ping_status":"open","sticky":false,"template":"","format":"standard","meta":{"footnotes":""},"categories":[43],"tags":[44],"class_list":["post-25824","post","type-post","status-publish","format-standard","hentry","category-kirche-oldenburg","tag-kirche-oldenburg"],"_links":{"self":[{"href":"https:\/\/christusnews.de\/site\/wp-json\/wp\/v2\/posts\/25824","targetHints":{"allow":["GET"]}}],"collection":[{"href":"https:\/\/christusnews.de\/site\/wp-json\/wp\/v2\/posts"}],"about":[{"href":"https:\/\/christusnews.de\/site\/wp-json\/wp\/v2\/types\/post"}],"author":[{"embeddable":true,"href":"https:\/\/christusnews.de\/site\/wp-json\/wp\/v2\/users\/7"}],"replies":[{"embeddable":true,"href":"https:\/\/christusnews.de\/site\/wp-json\/wp\/v2\/comments?post=25824"}],"version-history":[{"count":1,"href":"https:\/\/christusnews.de\/site\/wp-json\/wp\/v2\/posts\/25824\/revisions"}],"predecessor-version":[{"id":25825,"href":"https:\/\/christusnews.de\/site\/wp-json\/wp\/v2\/posts\/25824\/revisions\/25825"}],"wp:attachment":[{"href":"https:\/\/christusnews.de\/site\/wp-json\/wp\/v2\/media?parent=25824"}],"wp:term":[{"taxonomy":"category","embeddable":true,"href":"https:\/\/christusnews.de\/site\/wp-json\/wp\/v2\/categories?post=25824"},{"taxonomy":"post_tag","embeddable":true,"href":"https:\/\/christusnews.de\/site\/wp-json\/wp\/v2\/tags?post=25824"}],"curies":[{"name":"wp","href":"https:\/\/api.w.org\/{rel}","templated":true}]}}