{"id":25826,"date":"2023-12-01T18:58:41","date_gmt":"2023-12-01T17:58:41","guid":{"rendered":"https:\/\/christusnews.de\/site\/erster-advent-in-der-havenkirche-03-dezember-202310-uhr-wer-steht-da-an-der-krippe-familiengottesdienst-in-der-heppenser-kirche-anschliessend-ausklang-der-uebernachtungsaktion\/"},"modified":"2023-12-01T22:17:23","modified_gmt":"2023-12-01T21:17:23","slug":"erster-advent-in-der-havenkirche-03-dezember-202310-uhr-wer-steht-da-an-der-krippe-familiengottesdienst-in-der-heppenser-kirche-anschliessend-ausklang-der-uebernachtungsaktion","status":"publish","type":"post","link":"https:\/\/christusnews.de\/site\/erster-advent-in-der-havenkirche-03-dezember-202310-uhr-wer-steht-da-an-der-krippe-familiengottesdienst-in-der-heppenser-kirche-anschliessend-ausklang-der-uebernachtungsaktion\/","title":{"rendered":"Erster Advent in der Havenkirche (03. Dezember 2023)\n\n10 Uhr &#8211; &quot;Wer steht da an der Krippe&quot; &#8211; Familiengottesdienst in der Heppenser Kirche\n&#8211; Anschliessend: Ausklang der \u00dcbernachtungsaktion von Kindern und Jugendlichen\n\n12 Uhr &#8211; &quot;\u00d6ffnet die Herzen weit&quot; &#8211; Gottesdienst mit Fl\u00f6tenkreis und Abendmahl in der Christus- und Garnisonkirche\n&#8211; bis 17 Uhr  &#8211; Basar der &quot;Flotten Nadeln\n&#8211; 18 Uhr &#8211; Konzert der Musikschule\n\n15 Uhr &#8211; &quot;\u00d6kumenischer Gottesdienst mit Abendmahl&quot; in der Lutherkirche\n&#8211; anschliessend: Punsch, Kekse und Gespr\u00e4ch"},"content":{"rendered":"<p>Erster Advent in der Havenkirche (03. Dezember 2023)<\/p>\n<p>10 Uhr &#8211; &#8220;Wer steht da an der Krippe&#8221; &#8211; Familiengottesdienst in der Heppenser Kirche<br \/>\n&#8211; Anschliessend: Ausklang der \u00dcbernachtungsaktion von Kindern und Jugendlichen<\/p>\n<p>12 Uhr &#8211; &#8220;\u00d6ffnet die Herzen weit&#8221; &#8211; Gottesdienst mit Fl\u00f6tenkreis und Abendmahl in der Christus- und Garnisonkirche<br \/>\n&#8211; bis 17 Uhr  &#8211; Basar der &#8220;Flotten Nadeln<br \/>\n&#8211; 18 Uhr &#8211; Konzert der Musikschule<\/p>\n<p>15 Uhr &#8211; &#8220;\u00d6kumenischer Gottesdienst mit Abendmahl&#8221; in der Lutherkirche<br \/>\n&#8211; anschliessend: Punsch, Kekse und Gespr\u00e4ch<br \/>\nHAVENKIRCHE@FB<br \/>\n<a href=\"https:\/\/www.facebook.com\/396185572708352\/posts\/659848639675376\" target=\"_blank\" rel=\"noopener\">Erster Advent in der Havenkirche (03. Dezember 2023)<\/p>\n<p>10 Uhr &#8211; &quot;Wer steht da an der Krippe&quot; &#8211; Familiengottesdienst in der Heppenser Kirche<br \/>\n&#8211; Anschliessend: Ausklang der \u00dcbernachtungsaktion von Kindern und Jugendlichen<\/p>\n<p>12 Uhr &#8211; &quot;\u00d6ffnet die Herzen weit&quot; &#8211; Gottesdienst mit Fl\u00f6tenkreis und Abendmahl in der Christus- und Garnisonkirche<br \/>\n&#8211; bis 17 Uhr  &#8211; Basar der &quot;Flotten Nadeln<br \/>\n&#8211; 18 Uhr &#8211; Konzert der Musikschule<\/p>\n<p>15 Uhr &#8211; &quot;\u00d6kumenischer Gottesdienst mit Abendmahl&quot; in der Lutherkirche<br \/>\n&#8211; anschliessend: Punsch, Kekse und Gespr\u00e4ch<\/a><\/p>\n","protected":false},"excerpt":{"rendered":"<p>Erster Advent in der Havenkirche (03. Dezember 2023) 10 Uhr &#8211; &#8220;Wer steht da an der Krippe&#8221; &#8211; Familiengottesdienst in der Heppenser Kirche &#8211; Anschliessend: Ausklang der \u00dcbernachtungsaktion von Kindern und Jugendlichen 12 Uhr &#8211; &#8220;\u00d6ffnet die Herzen weit&#8221; &#8211; Gottesdienst mit Fl\u00f6tenkreis und Abendmahl in der Christus- und Garnisonkirche &#8211; bis 17 Uhr &#8211; Basar der &#8220;Flotten Nadeln &#8211; 18 Uhr &#8211; Konzert der Musikschule 15 Uhr &#8211; &#8220;\u00d6kumenischer Gottesdienst mit Abendmahl&#8221; in der Lutherkirche &#8211; anschliessend: Punsch, Kekse und Gespr\u00e4ch HAVENKIRCHE@FB Erster Advent in der Havenkirche (03. Dezember 2023) 10 Uhr &#8211; &quot;Wer steht da an der Krippe&quot;&#8230;<\/p>\n","protected":false},"author":6,"featured_media":0,"comment_status":"false","ping_status":"open","sticky":false,"template":"","format":"standard","meta":{"footnotes":""},"categories":[75],"tags":[76],"class_list":["post-25826","post","type-post","status-publish","format-standard","hentry","category-havenkirche","tag-havenkirche"],"_links":{"self":[{"href":"https:\/\/christusnews.de\/site\/wp-json\/wp\/v2\/posts\/25826","targetHints":{"allow":["GET"]}}],"collection":[{"href":"https:\/\/christusnews.de\/site\/wp-json\/wp\/v2\/posts"}],"about":[{"href":"https:\/\/christusnews.de\/site\/wp-json\/wp\/v2\/types\/post"}],"author":[{"embeddable":true,"href":"https:\/\/christusnews.de\/site\/wp-json\/wp\/v2\/users\/6"}],"replies":[{"embeddable":true,"href":"https:\/\/christusnews.de\/site\/wp-json\/wp\/v2\/comments?post=25826"}],"version-history":[{"count":1,"href":"https:\/\/christusnews.de\/site\/wp-json\/wp\/v2\/posts\/25826\/revisions"}],"predecessor-version":[{"id":25827,"href":"https:\/\/christusnews.de\/site\/wp-json\/wp\/v2\/posts\/25826\/revisions\/25827"}],"wp:attachment":[{"href":"https:\/\/christusnews.de\/site\/wp-json\/wp\/v2\/media?parent=25826"}],"wp:term":[{"taxonomy":"category","embeddable":true,"href":"https:\/\/christusnews.de\/site\/wp-json\/wp\/v2\/categories?post=25826"},{"taxonomy":"post_tag","embeddable":true,"href":"https:\/\/christusnews.de\/site\/wp-json\/wp\/v2\/tags?post=25826"}],"curies":[{"name":"wp","href":"https:\/\/api.w.org\/{rel}","templated":true}]}}