{"id":25828,"date":"2023-12-03T18:05:00","date_gmt":"2023-12-03T17:05:00","guid":{"rendered":"https:\/\/christusnews.de\/site\/auf-die-liebe-gottes-vertrauen\/"},"modified":"2023-12-03T22:17:58","modified_gmt":"2023-12-03T21:17:58","slug":"auf-die-liebe-gottes-vertrauen","status":"publish","type":"post","link":"https:\/\/christusnews.de\/site\/auf-die-liebe-gottes-vertrauen\/","title":{"rendered":"Auf die Liebe Gottes vertrauen"},"content":{"rendered":"<p>Mit einem \u00f6kumenischen Gottesdienst in der evangelischen Alexanderkirche in Wildeshausen haben der oldenburgische Bischof Thomas Adomeit und Weihbischof Wilfried Theising, Bisch\u00f6flicher Offizial in Vechta, am Sonntagabend, 3. Dezember, gemeinsam und im \u00f6kumenischen Miteinander das neue Kirchenjahr er\u00f6ffnet. In diesem Jahr fand die gemeinsame \u00f6kumenische Er\u00f6ffnung des Advents f\u00fcr Christinnen und Christen im Oldenburger Land bereits zum 15. Mal statt. Diese Tradition wurde 2009 in der Vareler Schlosskirche begr\u00fcndet.<\/p>\n<p>Weihbischof Theising rief in seiner Predigt dazu auf, der Liebe des menschgewordenen Christus zu vertrauen. Die aktuellen Krisen und die Kriege in der Ukraine sowie im Nahen Osten seien f\u00fcr die Menschen wie ein Beben. \u201eAber auch die wahrnehmbaren Verfallserscheinungen in unseren Kirchen und in unserer Demokratie sorgen daf\u00fcr, dass bisher fest geglaubte Haltepunkte infrage gestellt sind\u201c, so Theising laut Redemanuskript. Jesus Christus fege aber nicht einfach alles Elend, alle Krisen und Kriege hinweg. \u201eEr ist einfach da in aller Zugewandtheit und Liebe, die unser Herz erf\u00fcllen will. Er will all das Leid, all die Sorgen und \u00c4ngste mittragen und in seiner Liebe einschlie\u00dfen\u201c, betonte Weihbischof Theising. In seinem Glauben sei er sich gewiss, \u201edass ich es wagen kann, dem menschgewordenen Christus zu vertrauen, dass wirklich alles von seiner Liebe umfangen ist und bleibt.\u201c<\/p>\n<p>In seiner Begr\u00fc\u00dfung nahm Bischof Thomas Adomeit auch Bezug auf die gegenw\u00e4rtigen Krisen und Kriege. W\u00e4hrend die Klimakrise sich immer weiter versch\u00e4rfe, habe der Terrorakt der Hamas am 7. Oktober die Welt ver\u00e4ndert. Mit der bedr\u00fcckenden Situation des Krieges in Israel und Pal\u00e4stina kristallisiere sich ein Konflikt heraus, der in die ganze Welt ausstrahle und auch in Deutschland Auswirkungen habe. \u201eEs ist unertr\u00e4glich, wenn mitten in deutschen Gro\u00dfst\u00e4dten antisemitische Parolen gegr\u00f6lt und plakatiert werden, wenn Synagogen, j\u00fcdische Friedh\u00f6fe und Mahnmale polizeilich besch\u00fctzt werden m\u00fcssen, wenn j\u00fcdische Eltern Angst haben, ihre Kinder in Kitas und Schulen zu schicken\u201c, so der Bischof der Evangelisch-Lutherischen Kirche in Oldenburg. In all diesen Krisen werde die Fragilit\u00e4t des Miteinanders als Gesellschaft erschreckend deutlich.<\/p>\n<p>Mit Blick auf die traditionell am ersten Advent er\u00f6ffneten bundesweiten Spendenaktionen f\u00fcr die Advents- und Weihnachtzeit des katholischen Lateinamerika-Hilfswerks Adveniat und des evangelischen Hilfswerks \u201eBrot f\u00fcr die Welt\u201c betonte Bischof Adomeit, dass die Hilfswerke das Hoffnungslicht ganz handfest zu den Menschen bringen wollten. Frieden m\u00fcsse noch werden. \u201eUnd wir k\u00f6nnen mithelfen, Leben zu erm\u00f6glichen. Das machen uns die Aktionen der Kirchen deutlich\u201c, so Adomeit.<\/p>\n<p>Den Gottesdienst gestalteten beide Bisch\u00f6fe gemeinsam mit Pfarrer Lars L\u00f6wensen (Ev.-luth. Kirchengemeinde Wildeshausen), Pfarrer Ludger Brock (kath. Pfarrei St. Peter Wildeshausen) und Lektorin Silke Frede. Die musikalische Gestaltung \u00fcbernahm Kreiskantor Ralf Gr\u00f6ssler.&nbsp;<\/p>\n<p>Im Anschluss an den Gottesdienst waren alle Teilnehmenden zu einem Empfang der Kirchengemeinde im Remter neben der Alexanderkirche eingeladen.<\/p>\n<p><em><strong>Seit 2009 fanden die Gottesdienste in folgenden Kirchen statt:<\/strong><\/em><br \/>\n2009: evangelische Schlosskirche in Varel<br \/>\n2010: katholische Kirche St. Gorgonius in Goldenstedt<br \/>\n2011: evangelische Kirche St.-Johannes in Bad Zwischenahn&nbsp;<br \/>\n2012: katholische Kirche St. Johannes Baptist in Molbergen&nbsp;<br \/>\n2013: evangelische Kirche St.-Bartholom\u00e4us in Golzwarden&nbsp;<br \/>\n2014: katholische Kirche St. Catharina in Dinklage&nbsp;<br \/>\n2015: evangelische Kirche St.-Laurentius in Hasbergen&nbsp;<br \/>\n2016: katholische Kirche St. Vitus in L\u00f6ningen&nbsp;<br \/>\n2017: evangelische Kirche zum guten Hirten in Damme<br \/>\n2018: katholische Forumskirche St. Peter in Oldenburg<br \/>\n2019: evangelische Kirche St. Pankratius in Stuhr<br \/>\n2020: katholische Kirche St. Marien zu Schillig<br \/>\n2021: evangelische Kirche St. Petri in Westerstede<br \/>\n2022: katholische Kirche St. Johannes Baptist in Molbergen<br \/>\n&nbsp;<\/p>\n<p>Kirche-Oldenburg<br \/>\n<a href=\"https:\/\/www.kirche-oldenburg.de\/\/aktuell\/pressemitteilungen\/artikel\/auf-die-liebe-gottes-vertrauen\" target=\"_blank\" rel=\"noopener\">Auf die Liebe Gottes vertrauen<\/a><\/p>\n","protected":false},"excerpt":{"rendered":"<p>Mit einem \u00f6kumenischen Gottesdienst in der evangelischen Alexanderkirche in Wildeshausen haben der oldenburgische Bischof Thomas Adomeit und Weihbischof Wilfried Theising, Bisch\u00f6flicher Offizial in Vechta, am Sonntagabend, 3. Dezember, gemeinsam und im \u00f6kumenischen Miteinander das neue Kirchenjahr er\u00f6ffnet. In diesem Jahr fand die gemeinsame \u00f6kumenische Er\u00f6ffnung des Advents f\u00fcr Christinnen und Christen im Oldenburger Land bereits zum 15. Mal statt. Diese Tradition wurde 2009 in der Vareler Schlosskirche begr\u00fcndet. Weihbischof Theising rief in seiner Predigt dazu auf, der Liebe des menschgewordenen Christus zu vertrauen. Die aktuellen Krisen und die Kriege in der Ukraine sowie im Nahen Osten seien f\u00fcr die Menschen&#8230;<\/p>\n","protected":false},"author":7,"featured_media":0,"comment_status":"false","ping_status":"open","sticky":false,"template":"","format":"standard","meta":{"footnotes":""},"categories":[43],"tags":[44],"class_list":["post-25828","post","type-post","status-publish","format-standard","hentry","category-kirche-oldenburg","tag-kirche-oldenburg"],"_links":{"self":[{"href":"https:\/\/christusnews.de\/site\/wp-json\/wp\/v2\/posts\/25828","targetHints":{"allow":["GET"]}}],"collection":[{"href":"https:\/\/christusnews.de\/site\/wp-json\/wp\/v2\/posts"}],"about":[{"href":"https:\/\/christusnews.de\/site\/wp-json\/wp\/v2\/types\/post"}],"author":[{"embeddable":true,"href":"https:\/\/christusnews.de\/site\/wp-json\/wp\/v2\/users\/7"}],"replies":[{"embeddable":true,"href":"https:\/\/christusnews.de\/site\/wp-json\/wp\/v2\/comments?post=25828"}],"version-history":[{"count":1,"href":"https:\/\/christusnews.de\/site\/wp-json\/wp\/v2\/posts\/25828\/revisions"}],"predecessor-version":[{"id":25829,"href":"https:\/\/christusnews.de\/site\/wp-json\/wp\/v2\/posts\/25828\/revisions\/25829"}],"wp:attachment":[{"href":"https:\/\/christusnews.de\/site\/wp-json\/wp\/v2\/media?parent=25828"}],"wp:term":[{"taxonomy":"category","embeddable":true,"href":"https:\/\/christusnews.de\/site\/wp-json\/wp\/v2\/categories?post=25828"},{"taxonomy":"post_tag","embeddable":true,"href":"https:\/\/christusnews.de\/site\/wp-json\/wp\/v2\/tags?post=25828"}],"curies":[{"name":"wp","href":"https:\/\/api.w.org\/{rel}","templated":true}]}}