{"id":25842,"date":"2023-12-07T09:15:06","date_gmt":"2023-12-07T08:15:06","guid":{"rendered":"https:\/\/christusnews.de\/site\/?p=25842"},"modified":"2023-12-05T09:15:36","modified_gmt":"2023-12-05T08:15:36","slug":"fragen-an-gott","status":"publish","type":"post","link":"https:\/\/christusnews.de\/site\/fragen-an-gott\/","title":{"rendered":"Fragen an Gott"},"content":{"rendered":"\n<p>Neulich in der Konfistunde.&nbsp;&nbsp;Thema war Gebet.&nbsp;<\/p>\n\n\n\n<p>Schwieriges Thema, hab ich gedacht.&nbsp;<\/p>\n\n\n\n<p>Beten und junge Leute \u2013 passt das zusammen?&nbsp;&nbsp;&nbsp;&nbsp;&nbsp;Komische Frage.<\/p>\n\n\n\n<p>Passen \u00e4ltere Leute und beten besser zusammen?<\/p>\n\n\n\n<p>Ein Gebet.<\/p>\n\n\n\n<p>Frommes Gebrabbel von weltfremden Leute, die irgendwie die H\u00e4nde falten, sagen die einen.<\/p>\n\n\n\n<p>Die anderen sagen:<\/p>\n\n\n\n<p>Ein Danke in den Himmel, weil die Partnerin eine OP \u00fcberlebt hat.<\/p>\n\n\n\n<p>Die Bitte und Flehen von Menschen, dass der Krieg in ihrer Stadt aufh\u00f6rt.<\/p>\n\n\n\n<p>Ein Sto\u00dfseufzer des Herzens, wenn einem alles zuviel wird.<\/p>\n\n\n\n<p>Wie auch immer:<\/p>\n\n\n\n<p>Die Konfis sollten was zum Thema Gebet arbeiten.<br>Ich nutze da gerne eine Methode, die ehrlicher ist als andere:<\/p>\n\n\n\n<p>\u201cSchreibt eure Fragen an Gott mal auf einen Zettel\u201d, hab ich gesagt. Ohne Namen nat\u00fcrlich, dann faltet ihr sie \u2013 ich mische nochmal \u2013 und dann lesen wir mal, was ihr geschrieben habt.<\/p>\n\n\n\n<p>So waren die jungen Menschen sicher, dass ihre Gebetsfragen anonym bleiben.&nbsp;&nbsp;Und so haben sie sich getraut, ehrlich zu schreiben, aus ihrem Herzen:<\/p>\n\n\n\n<p>Das kam dabei raus:<\/p>\n\n\n\n<p>&#8211; Warum denken Menschen, dass ihnen die Welt geh\u00f6rt?<\/p>\n\n\n\n<p>&#8211; Wieso hast du mir nicht geholfen, Gott?<\/p>\n\n\n\n<p>&#8211; Warum werde ich gemobbt?<\/p>\n\n\n\n<p>&#8211; Gott, ich bin oft so depressiv und traurig.&nbsp;&nbsp;&nbsp;Hilf mir bitte!<\/p>\n\n\n\n<p>Als ich die kleinen Gebete vorlas, war es mucksm\u00e4uschenstill im Zimmer.&nbsp;<\/p>\n\n\n\n<p>Die Konfis haben gemerkt:&nbsp;&nbsp;Ich bin mit meinem Mist nicht alleine.&nbsp;<\/p>\n\n\n\n<p>Nat\u00fcrlich haben zwei oder drei das ganze nicht ernst genommen \u2013 und Gott gefragt, wann das n\u00e4chste Playstation-Spiel rauskommt.<\/p>\n\n\n\n<p>Aber das kann der Himmel gut ab.<\/p>\n\n\n\n<p>Und ich hab gedacht:&nbsp;&nbsp;&nbsp;Passt gut zusammen:&nbsp;&nbsp;junge Menschen und Gebet.<\/p>\n\n\n\n<p>Welches Gebet passt du dir heute?<\/p>\n\n\n\n<p><\/p>\n\n\n\n<blockquote class=\"wp-block-quote is-layout-flow wp-block-quote-is-layout-flow\">\n<p id=\"block-e1fb04d9-c3be-42c8-a2c8-f0fda48bf077\"><strong>Stefan Stalling, Pastor der evangelisch-lutherischen Kirchengemeinde Neuende<\/strong><\/p>\n\n\n\n<p id=\"block-4856caf7-8571-49e2-9264-db73626b066a\">H<em>\u00f6ren Sie diesen Beitrag bei Radio Jade:<\/em><br><a href=\"http:\/\/www.radio-jade.de\/mediathek\/angedacht\/\" target=\"_blank\" rel=\"noreferrer noopener\"><em>Alle Beitr\u00e4ge im \u00dcberblick | RADIO JADE<\/em><\/a><\/p>\n<\/blockquote>\n","protected":false},"excerpt":{"rendered":"<p>Neulich in der Konfistunde.&nbsp;&nbsp;Thema war Gebet.&nbsp; Schwieriges Thema, hab ich gedacht.&nbsp; Beten und junge Leute \u2013 passt das zusammen?&nbsp;&nbsp;&nbsp;&nbsp;&nbsp;Komische Frage. Passen \u00e4ltere Leute und beten besser zusammen? Ein Gebet. Frommes Gebrabbel von weltfremden Leute, die irgendwie die H\u00e4nde falten, sagen die einen. Die anderen sagen: Ein Danke in den Himmel, weil die Partnerin eine OP \u00fcberlebt hat. Die Bitte und Flehen von Menschen, dass der Krieg in ihrer Stadt aufh\u00f6rt. Ein Sto\u00dfseufzer des Herzens, wenn einem alles zuviel wird. Wie auch immer: Die Konfis sollten was zum Thema Gebet arbeiten.Ich nutze da gerne eine Methode, die ehrlicher ist als andere:&#8230;<\/p>\n","protected":false},"author":6,"featured_media":1171,"comment_status":"closed","ping_status":"open","sticky":false,"template":"","format":"standard","meta":{"footnotes":""},"categories":[5],"tags":[],"class_list":["post-25842","post","type-post","status-publish","format-standard","has-post-thumbnail","hentry","category-angedacht"],"_links":{"self":[{"href":"https:\/\/christusnews.de\/site\/wp-json\/wp\/v2\/posts\/25842","targetHints":{"allow":["GET"]}}],"collection":[{"href":"https:\/\/christusnews.de\/site\/wp-json\/wp\/v2\/posts"}],"about":[{"href":"https:\/\/christusnews.de\/site\/wp-json\/wp\/v2\/types\/post"}],"author":[{"embeddable":true,"href":"https:\/\/christusnews.de\/site\/wp-json\/wp\/v2\/users\/6"}],"replies":[{"embeddable":true,"href":"https:\/\/christusnews.de\/site\/wp-json\/wp\/v2\/comments?post=25842"}],"version-history":[{"count":1,"href":"https:\/\/christusnews.de\/site\/wp-json\/wp\/v2\/posts\/25842\/revisions"}],"predecessor-version":[{"id":25843,"href":"https:\/\/christusnews.de\/site\/wp-json\/wp\/v2\/posts\/25842\/revisions\/25843"}],"wp:featuredmedia":[{"embeddable":true,"href":"https:\/\/christusnews.de\/site\/wp-json\/wp\/v2\/media\/1171"}],"wp:attachment":[{"href":"https:\/\/christusnews.de\/site\/wp-json\/wp\/v2\/media?parent=25842"}],"wp:term":[{"taxonomy":"category","embeddable":true,"href":"https:\/\/christusnews.de\/site\/wp-json\/wp\/v2\/categories?post=25842"},{"taxonomy":"post_tag","embeddable":true,"href":"https:\/\/christusnews.de\/site\/wp-json\/wp\/v2\/tags?post=25842"}],"curies":[{"name":"wp","href":"https:\/\/api.w.org\/{rel}","templated":true}]}}