{"id":25876,"date":"2023-12-04T11:09:00","date_gmt":"2023-12-04T10:09:00","guid":{"rendered":"https:\/\/christusnews.de\/site\/bericht-klimakrise-ist-auch-in-niedersachsen-angekommen-umweltminister-sieht-nachweisbar-negative-folgen-fuer-die-bevoelkerung\/"},"modified":"2023-12-05T22:17:21","modified_gmt":"2023-12-05T21:17:21","slug":"bericht-klimakrise-ist-auch-in-niedersachsen-angekommen-umweltminister-sieht-nachweisbar-negative-folgen-fuer-die-bevoelkerung","status":"publish","type":"post","link":"https:\/\/christusnews.de\/site\/bericht-klimakrise-ist-auch-in-niedersachsen-angekommen-umweltminister-sieht-nachweisbar-negative-folgen-fuer-die-bevoelkerung\/","title":{"rendered":"Bericht: Klimakrise ist auch in Niedersachsen angekommen &#8211; Umweltminister sieht nachweisbar negative Folgen f\u00fcr die Bev\u00f6lkerung"},"content":{"rendered":"<p class=\"MsoPlainText\">Hannover (epd). Der Klimawandel und die Erderhitzung machen sich nach den Worten von Landesumweltminister Christian Meyer (Gr\u00fcne) l\u00e4ngst auch in Niedersachsen bemerkbar. \u00abDie Klimakrise ist angekommen in Niedersachsen\u00bb, sagte Meyer am Montag in Hannover. Und sie habe in dem Bundesland bereits nachweisbar negative Folgen f\u00fcr die Bev\u00f6lkerung und die Natur. Meyer \u00e4u\u00dferte sich anl\u00e4sslich der Ver\u00f6ffentlichung des ersten Klimafolgen-Monitoringberichts f\u00fcr das Bundesland.<\/p>\n<p class=\"MsoPlainText\">&nbsp;<\/p>\n<p class=\"MsoPlainText\">Dem Bericht zufolge ist die Lufttemperatur in Niedersachsen zwischen 1881 und 2021 bereits um 1,7 Grad gestiegen. Das bedeute, dass Sommer- und Hitzetage zun\u00e4hmen, w\u00e4hrend Frost- und Eistage abn\u00e4hmen. Dies wiederum f\u00fchre zu weniger Schnee im Winter &#8211; mit Folgen f\u00fcr den Wintertourismus im Harz.<\/p>\n<p class=\"MsoPlainText\">&nbsp;<\/p>\n<p class=\"MsoPlainText\">Gleichzeitig seien die vergangenen zehn Jahre insgesamt viel zu niederschlagsarm gewesen, hie\u00df es. Steigende Temperaturen und abnehmender Niederschlag im Sommer h\u00e4tten deutliche Auswirkungen auf den Wasserhaushalt. Diese zeigten sich durch abnehmende Bodenwassergehalte, sinkende Grundwasserst\u00e4nde und niedrige Wasserst\u00e4nde in Fl\u00fcssen. Der Bericht warnt in diesem Zusammenhang vor Konsequenzen f\u00fcr die \u00f6ffentliche Trinkwasserversorgung, aber auch f\u00fcr die Land- und Forstwirtschaft und die nat\u00fcrlichen \u00d6kosysteme.<\/p>\n<p class=\"MsoPlainText\">&nbsp;<\/p>\n<p class=\"MsoPlainText\">Als K\u00fcstenland sei Niedersachsen auch von \u00c4nderungen des Meeresspiegels direkt betroffen, hie\u00df es weiter. Messungen belegten, dass der Meeresspiegel bereits steige. Das k\u00f6nne an der Nordseek\u00fcste zu h\u00f6heren Sturmfluten f\u00fchren und zur Folge haben, dass die Salzbelastung im Grundwasser zunehme.<\/p>\n<p class=\"MsoPlainText\">&nbsp;<\/p>\n<p class=\"MsoPlainText\">Eine ausreichende Wasserversorgung spiele auch f\u00fcr die Landwirtschaft eine wichtige Rolle. Auswertungen zeigten f\u00fcr Niedersachsens Ackerfl\u00e4chen in der Vegetationsperiode deutliche Abnahmen der Bodenfeuchte &#8211; vor allem im Osten und S\u00fcden des Bundeslandes. \u00abDer Klimawandel sorgt daf\u00fcr, dass die im Vergleich trockeneren Regionen Niedersachsen noch trockener werden und mehr Regionen von zunehmender Trockenheit betroffen sind\u00bb, erkl\u00e4rte das Umweltministerium.<\/p>\n<p class=\"MsoPlainText\">&nbsp;<\/p>\n<p class=\"MsoPlainText\">Schlie\u00dflich wirke sich die Klimakrise direkt und indirekt auf die menschliche Gesundheit aus. Lang anhaltende Hitzeperioden w\u00fcrden mit einer steigenden Zahl an Erkrankungen in Verbindung gebracht und k\u00f6nnten zu einem Anstieg der Sterbef\u00e4lle f\u00fchren. Besonders gef\u00e4hrdet seien \u00e4ltere Menschen, Kleinkinder und Menschen mit Vorerkrankungen.<\/p>\n<p class=\"MsoPlainText\">&nbsp;<\/p>\n<p class=\"MsoPlainText\">Als indirekte gesundheitliche Folgen nennt der Report etwa die zunehmende Ausbreitung von Zecken und M\u00fccken. Neue Stechm\u00fcckenarten k\u00f6nnten Krankheitserreger wie Dengue-Viren \u00fcbertragen, wie es bislang nur in tropischen und subtropischen L\u00e4ndern beobachtet werde. Auch die Qualit\u00e4t der Badegew\u00e4sser k\u00f6nne sich durch h\u00f6here Temperaturen verschlechtern.<\/p>\n<p class=\"MsoPlainText\">&nbsp;<\/p>\n<p class=\"MsoPlainText\">Meyer betonte: \u00abEs ist klar: Wir brauchen konsequenten Klimaschutz. Wir wissen aber auch, dass viele Folgen der Klimakrise nicht mehr aufzuhalten sind und wir nur noch versuchen k\u00f6nnen, ihnen bestm\u00f6glich zu begegnen.\u00bb<\/p>\n<p>Kirche-Oldenburg<br \/>\n<a href=\"https:\/\/www.kirche-oldenburg.de\/\/aktuell\/news-niedersachsen\/artikel\/bericht-klimakrise-ist-auch-in-niedersachsen-angekommen-umweltminister-sieht-nachweisbar-negative-folgen-fuer-die-bevoelkerung\" target=\"_blank\" rel=\"noopener\">Bericht: Klimakrise ist auch in Niedersachsen angekommen &#8211; Umweltminister sieht nachweisbar negative Folgen f\u00fcr die Bev\u00f6lkerung<\/a><\/p>\n","protected":false},"excerpt":{"rendered":"<p>Hannover (epd). Der Klimawandel und die Erderhitzung machen sich nach den Worten von Landesumweltminister Christian Meyer (Gr\u00fcne) l\u00e4ngst auch in Niedersachsen bemerkbar. \u00abDie Klimakrise ist angekommen in Niedersachsen\u00bb, sagte Meyer am Montag in Hannover. Und sie habe in dem Bundesland bereits nachweisbar negative Folgen f\u00fcr die Bev\u00f6lkerung und die Natur. Meyer \u00e4u\u00dferte sich anl\u00e4sslich der Ver\u00f6ffentlichung des ersten Klimafolgen-Monitoringberichts f\u00fcr das Bundesland. &nbsp; Dem Bericht zufolge ist die Lufttemperatur in Niedersachsen zwischen 1881 und 2021 bereits um 1,7 Grad gestiegen. Das bedeute, dass Sommer- und Hitzetage zun\u00e4hmen, w\u00e4hrend Frost- und Eistage abn\u00e4hmen. Dies wiederum f\u00fchre zu weniger Schnee im Winter&#8230;<\/p>\n","protected":false},"author":7,"featured_media":0,"comment_status":"false","ping_status":"open","sticky":false,"template":"","format":"standard","meta":{"footnotes":""},"categories":[43],"tags":[44],"class_list":["post-25876","post","type-post","status-publish","format-standard","hentry","category-kirche-oldenburg","tag-kirche-oldenburg"],"_links":{"self":[{"href":"https:\/\/christusnews.de\/site\/wp-json\/wp\/v2\/posts\/25876","targetHints":{"allow":["GET"]}}],"collection":[{"href":"https:\/\/christusnews.de\/site\/wp-json\/wp\/v2\/posts"}],"about":[{"href":"https:\/\/christusnews.de\/site\/wp-json\/wp\/v2\/types\/post"}],"author":[{"embeddable":true,"href":"https:\/\/christusnews.de\/site\/wp-json\/wp\/v2\/users\/7"}],"replies":[{"embeddable":true,"href":"https:\/\/christusnews.de\/site\/wp-json\/wp\/v2\/comments?post=25876"}],"version-history":[{"count":1,"href":"https:\/\/christusnews.de\/site\/wp-json\/wp\/v2\/posts\/25876\/revisions"}],"predecessor-version":[{"id":25877,"href":"https:\/\/christusnews.de\/site\/wp-json\/wp\/v2\/posts\/25876\/revisions\/25877"}],"wp:attachment":[{"href":"https:\/\/christusnews.de\/site\/wp-json\/wp\/v2\/media?parent=25876"}],"wp:term":[{"taxonomy":"category","embeddable":true,"href":"https:\/\/christusnews.de\/site\/wp-json\/wp\/v2\/categories?post=25876"},{"taxonomy":"post_tag","embeddable":true,"href":"https:\/\/christusnews.de\/site\/wp-json\/wp\/v2\/tags?post=25876"}],"curies":[{"name":"wp","href":"https:\/\/api.w.org\/{rel}","templated":true}]}}