{"id":25894,"date":"2023-12-05T11:28:00","date_gmt":"2023-12-05T10:28:00","guid":{"rendered":"https:\/\/christusnews.de\/site\/fehrs-sieht-nach-kurschus-ruecktritt-grosse-verunsicherung-in-der-ekd\/"},"modified":"2023-12-06T22:17:54","modified_gmt":"2023-12-06T21:17:54","slug":"fehrs-sieht-nach-kurschus-ruecktritt-grosse-verunsicherung-in-der-ekd","status":"publish","type":"post","link":"https:\/\/christusnews.de\/site\/fehrs-sieht-nach-kurschus-ruecktritt-grosse-verunsicherung-in-der-ekd\/","title":{"rendered":"Fehrs sieht nach Kurschus-R\u00fccktritt \u00abgro\u00dfe Verunsicherung\u00bb in der EKD"},"content":{"rendered":"<p class=\"MsoPlainText\">Hannover (epd). Die amtierende Ratsvorsitzende der Evangelischen Kirche in Deutschland (EKD), Kirsten Fehrs, sieht im Zusammenhang mit dem R\u00fccktritt ihrer Vorg\u00e4ngerin Annette Kurschus eine \u00abgro\u00dfe Verunsicherung\u00bb in den EKD-Leitungsgremien. \u00abEs geht um Vertrauen und um Glaubw\u00fcrdigkeit\u00bb, sagte die Hamburger Bisch\u00f6fin Fehrs am Dienstag bei einer digitalen Sitzung der EKD-Synode. \u00abDa liegt noch ein gutes St\u00fcck Weg vor uns. Und diesen Weg gilt es nun mit \u00dcbersicht, mit Klarheit und mit Feingef\u00fchl zu gehen\u00bb, sagte die bisherige Stellvertreterin der Ratsvorsitzenden.<\/p>\n<p class=\"MsoPlainText\">&nbsp;<\/p>\n<p class=\"MsoPlainText\">Annette Kurschus war am 20. November vom EKD-Ratsvorsitz und als Pr\u00e4ses der westf\u00e4lischen Kirche zur\u00fcckgetreten. Ihr wird vorgeworfen, mit einem mutma\u00dflichen Fall sexualisierter Gewalt nicht ausreichend transparent umgegangen zu sein. Der Fall reicht in die 90er Jahre zur\u00fcck, Beschuldigter ist ein ehemaliger Kirchenmitarbeiter aus Kurschus&#8217; fr\u00fcherem Arbeitsumfeld in Siegen, den sie laut eigener Aussage sehr gut kennt. Er soll junge M\u00e4nner sexuell bedr\u00e4ngt haben.<\/p>\n<p class=\"MsoPlainText\">&nbsp;<\/p>\n<p class=\"MsoPlainText\">Die \u00abSiegener Zeitung\u00bb hatte unmittelbar vor und w\u00e4hrend der EKD-Synodentagung Mitte November in Ulm dar\u00fcber berichtet. Die EKD-Jahrestagung war wegen des bundesweiten Bahnstreiks am Morgen des 15. November unterbrochen worden und sollte am Dienstag digital abgeschlossen werden.<\/p>\n<p class=\"MsoPlainText\">&nbsp;<\/p>\n<p class=\"MsoPlainText\">Fehrs sprach von einer \u00abgeradlinigen und konsequenten Entscheidung\u00bb Kurschus&#8217; zum R\u00fccktritt. Davor habe sie \u00abechte Hochachtung\u00bb. Sie empfinde es als schmerzhaft, dass der Umgang mit den Ereignissen in Siegen zum R\u00fccktritt gef\u00fchrt hat.<\/p>\n<p class=\"MsoPlainText\">&nbsp;<\/p>\n<p class=\"MsoPlainText\">\u00abF\u00fcr mich kommt es jetzt darauf an, verlorenes Vertrauen wieder herzustellen\u00bb, sagte Fehrs. In der vergangenen Woche habe es intensive Beratungen mit den Betroffenen-Vertretern im EKD-Beteiligungsform Sexualisierte Gewalt gegeben. Mit leitenden Geistlichen, Vertretern der Landeskirchen und Ratsmitgliedern seien Treffen geplant. Zudem bot Fehrs an, den synodalen Gruppen f\u00fcr Gespr\u00e4che zur Verf\u00fcgung zu stehen.<\/p>\n<p class=\"MsoPlainText\">&nbsp;<\/p>\n<p class=\"MsoPlainText\">Dass Betroffenen-Vertreter in den Auseinandersetzungen um den R\u00fccktritt von Kurschus \u00abenormem Druck\u00bb und \u00abAnfeindungen\u00bb ausgesetzt worden seien, empfinde sie als besch\u00e4mend. Der Rat der EKD werde \u00abmit aller Konsequenz\u00bb den eingeschlagenen Weg bei der Aufarbeitung sexualisierter Gewalt fortsetzen. Dabei gehe es um eine \u00abklare Ausrichtung auf Betroffene\u00bb und darum, Grenzverletzungen und Gewalt in der Kirche zu verhindern sowie Vorf\u00e4lle aufzukl\u00e4ren.<\/p>\n<p>Kirche-Oldenburg<br \/>\n<a href=\"https:\/\/www.kirche-oldenburg.de\/\/aktuell\/news-niedersachsen\/artikel\/fehrs-sieht-nach-kurschus-ruecktritt-grosse-verunsicherung-in-der-ekd\" target=\"_blank\" rel=\"noopener\">Fehrs sieht nach Kurschus-R\u00fccktritt \u00abgro\u00dfe Verunsicherung\u00bb in der EKD<\/a><\/p>\n","protected":false},"excerpt":{"rendered":"<p>Hannover (epd). Die amtierende Ratsvorsitzende der Evangelischen Kirche in Deutschland (EKD), Kirsten Fehrs, sieht im Zusammenhang mit dem R\u00fccktritt ihrer Vorg\u00e4ngerin Annette Kurschus eine \u00abgro\u00dfe Verunsicherung\u00bb in den EKD-Leitungsgremien. \u00abEs geht um Vertrauen und um Glaubw\u00fcrdigkeit\u00bb, sagte die Hamburger Bisch\u00f6fin Fehrs am Dienstag bei einer digitalen Sitzung der EKD-Synode. \u00abDa liegt noch ein gutes St\u00fcck Weg vor uns. Und diesen Weg gilt es nun mit \u00dcbersicht, mit Klarheit und mit Feingef\u00fchl zu gehen\u00bb, sagte die bisherige Stellvertreterin der Ratsvorsitzenden. &nbsp; Annette Kurschus war am 20. November vom EKD-Ratsvorsitz und als Pr\u00e4ses der westf\u00e4lischen Kirche zur\u00fcckgetreten. Ihr wird vorgeworfen, mit einem&#8230;<\/p>\n","protected":false},"author":7,"featured_media":0,"comment_status":"false","ping_status":"open","sticky":false,"template":"","format":"standard","meta":{"footnotes":""},"categories":[43],"tags":[44],"class_list":["post-25894","post","type-post","status-publish","format-standard","hentry","category-kirche-oldenburg","tag-kirche-oldenburg"],"_links":{"self":[{"href":"https:\/\/christusnews.de\/site\/wp-json\/wp\/v2\/posts\/25894","targetHints":{"allow":["GET"]}}],"collection":[{"href":"https:\/\/christusnews.de\/site\/wp-json\/wp\/v2\/posts"}],"about":[{"href":"https:\/\/christusnews.de\/site\/wp-json\/wp\/v2\/types\/post"}],"author":[{"embeddable":true,"href":"https:\/\/christusnews.de\/site\/wp-json\/wp\/v2\/users\/7"}],"replies":[{"embeddable":true,"href":"https:\/\/christusnews.de\/site\/wp-json\/wp\/v2\/comments?post=25894"}],"version-history":[{"count":1,"href":"https:\/\/christusnews.de\/site\/wp-json\/wp\/v2\/posts\/25894\/revisions"}],"predecessor-version":[{"id":25895,"href":"https:\/\/christusnews.de\/site\/wp-json\/wp\/v2\/posts\/25894\/revisions\/25895"}],"wp:attachment":[{"href":"https:\/\/christusnews.de\/site\/wp-json\/wp\/v2\/media?parent=25894"}],"wp:term":[{"taxonomy":"category","embeddable":true,"href":"https:\/\/christusnews.de\/site\/wp-json\/wp\/v2\/categories?post=25894"},{"taxonomy":"post_tag","embeddable":true,"href":"https:\/\/christusnews.de\/site\/wp-json\/wp\/v2\/tags?post=25894"}],"curies":[{"name":"wp","href":"https:\/\/api.w.org\/{rel}","templated":true}]}}