{"id":25898,"date":"2023-12-06T14:29:00","date_gmt":"2023-12-06T13:29:00","guid":{"rendered":"https:\/\/christusnews.de\/site\/ministerin-neues-modell-fuer-religionsunterricht-ist-zukunftsweisend\/"},"modified":"2023-12-07T22:17:21","modified_gmt":"2023-12-07T21:17:21","slug":"ministerin-neues-modell-fuer-religionsunterricht-ist-zukunftsweisend","status":"publish","type":"post","link":"https:\/\/christusnews.de\/site\/ministerin-neues-modell-fuer-religionsunterricht-ist-zukunftsweisend\/","title":{"rendered":"Ministerin: Neues Modell f\u00fcr Religionsunterricht ist zukunftsweisend"},"content":{"rendered":"<p class=\"MsoPlainText\">Hannover (epd). Niedersachsens Kultusministerin Julia Willie Hamburg&nbsp;(Gr\u00fcne) h\u00e4lt das von den Kirchen vorgeschlagene Modell eines konfessions\u00fcbergreifenden Religionsunterrichts im Land f\u00fcr vorbildlich und zukunftsweisend. \u00abHier passiert etwas ganz Gro\u00dfes, das auch bundesweit zurecht sehr viel Aufmerksamkeit erzeugt\u00bb, sagte sie am Mittwoch in Hannover bei einem Lehrkr\u00e4fteforum der evangelischen Landeskirche Hannovers. \u00abDeswegen freue ich mich, das mit Ihnen gemeinsam umzusetzen.\u00bb<\/p>\n<p class=\"MsoPlainText\">&nbsp;<\/p>\n<p class=\"MsoPlainText\">Das neue Fach \u00abChristlicher Religionsunterricht\u00bb, bei dem die evangelische und die katholische Kirche zusammenarbeiten, soll nach den bisherigen Pl\u00e4nen zum Schuljahr 2025\/26 landesweit starten. Es soll k\u00fcnftig den bisher nach Konfessionen getrennten evangelischen oder katholischen Religionsunterricht abl\u00f6sen. Dar\u00fcber verhandeln die Kirchen zurzeit mit der Landesregierung. Das angestrebte Modell w\u00e4re bundesweit einzigartig.<\/p>\n<p class=\"MsoPlainText\">&nbsp;<\/p>\n<p class=\"MsoPlainText\">Die Idee, bei allem Trennenden das Verbindende in den Vordergrund zu stellen, sei absolut wegweisend, sagte Hamburg vor rund 300 Lehrkr\u00e4ften aller Fachrichtungen und Schulformen aus ganz Niedersachsen. Einen eigenen Standpunkt zu entwickeln und ihn in Beziehung zu anderen zu setzen, sei eine F\u00e4higkeit, die in der Gesellschaft der Zukunft immer wichtiger werde. \u00abDiese Form der Verst\u00e4ndigung zwischen Religionen wird an Schulen zwangsl\u00e4ufig eine immer gr\u00f6\u00dfere Rolle spielen.\u00bb<\/p>\n<p class=\"MsoPlainText\">&nbsp;<\/p>\n<p class=\"MsoPlainText\">Daf\u00fcr h\u00e4tten die Kirchen jetzt einen Grundstein gelegt, sagte Hamburg. Nach Angaben der Kirchen nehmen gegenw\u00e4rtig rund 70 Prozent der Sch\u00fclerinnen und Sch\u00fcler am evangelischen oder katholischen Religionsunterricht teil, darunter auch viele nichtchristliche Sch\u00fcler.<\/p>\n<p>Kirche-Oldenburg<br \/>\n<a href=\"https:\/\/www.kirche-oldenburg.de\/\/aktuell\/news-niedersachsen\/artikel\/ministerin-neues-modell-fuer-religionsunterricht-ist-zukunftsweisend\" target=\"_blank\" rel=\"noopener\">Ministerin: Neues Modell f\u00fcr Religionsunterricht ist zukunftsweisend<\/a><\/p>\n","protected":false},"excerpt":{"rendered":"<p>Hannover (epd). Niedersachsens Kultusministerin Julia Willie Hamburg&nbsp;(Gr\u00fcne) h\u00e4lt das von den Kirchen vorgeschlagene Modell eines konfessions\u00fcbergreifenden Religionsunterrichts im Land f\u00fcr vorbildlich und zukunftsweisend. \u00abHier passiert etwas ganz Gro\u00dfes, das auch bundesweit zurecht sehr viel Aufmerksamkeit erzeugt\u00bb, sagte sie am Mittwoch in Hannover bei einem Lehrkr\u00e4fteforum der evangelischen Landeskirche Hannovers. \u00abDeswegen freue ich mich, das mit Ihnen gemeinsam umzusetzen.\u00bb &nbsp; Das neue Fach \u00abChristlicher Religionsunterricht\u00bb, bei dem die evangelische und die katholische Kirche zusammenarbeiten, soll nach den bisherigen Pl\u00e4nen zum Schuljahr 2025\/26 landesweit starten. Es soll k\u00fcnftig den bisher nach Konfessionen getrennten evangelischen oder katholischen Religionsunterricht abl\u00f6sen. Dar\u00fcber verhandeln die Kirchen&#8230;<\/p>\n","protected":false},"author":7,"featured_media":0,"comment_status":"false","ping_status":"open","sticky":false,"template":"","format":"standard","meta":{"footnotes":""},"categories":[43],"tags":[44],"class_list":["post-25898","post","type-post","status-publish","format-standard","hentry","category-kirche-oldenburg","tag-kirche-oldenburg"],"_links":{"self":[{"href":"https:\/\/christusnews.de\/site\/wp-json\/wp\/v2\/posts\/25898","targetHints":{"allow":["GET"]}}],"collection":[{"href":"https:\/\/christusnews.de\/site\/wp-json\/wp\/v2\/posts"}],"about":[{"href":"https:\/\/christusnews.de\/site\/wp-json\/wp\/v2\/types\/post"}],"author":[{"embeddable":true,"href":"https:\/\/christusnews.de\/site\/wp-json\/wp\/v2\/users\/7"}],"replies":[{"embeddable":true,"href":"https:\/\/christusnews.de\/site\/wp-json\/wp\/v2\/comments?post=25898"}],"version-history":[{"count":1,"href":"https:\/\/christusnews.de\/site\/wp-json\/wp\/v2\/posts\/25898\/revisions"}],"predecessor-version":[{"id":25899,"href":"https:\/\/christusnews.de\/site\/wp-json\/wp\/v2\/posts\/25898\/revisions\/25899"}],"wp:attachment":[{"href":"https:\/\/christusnews.de\/site\/wp-json\/wp\/v2\/media?parent=25898"}],"wp:term":[{"taxonomy":"category","embeddable":true,"href":"https:\/\/christusnews.de\/site\/wp-json\/wp\/v2\/categories?post=25898"},{"taxonomy":"post_tag","embeddable":true,"href":"https:\/\/christusnews.de\/site\/wp-json\/wp\/v2\/tags?post=25898"}],"curies":[{"name":"wp","href":"https:\/\/api.w.org\/{rel}","templated":true}]}}