{"id":25900,"date":"2023-12-06T14:28:00","date_gmt":"2023-12-06T13:28:00","guid":{"rendered":"https:\/\/christusnews.de\/site\/wohlfahrtsverbaende-wenden-sich-gegen-verschaerfte-fluechtlingspolitik-auch-niedersaechsische-vereine-der-fluechtlingshilfe-ueben-kritik\/"},"modified":"2023-12-07T22:17:22","modified_gmt":"2023-12-07T21:17:22","slug":"wohlfahrtsverbaende-wenden-sich-gegen-verschaerfte-fluechtlingspolitik-auch-niedersaechsische-vereine-der-fluechtlingshilfe-ueben-kritik","status":"publish","type":"post","link":"https:\/\/christusnews.de\/site\/wohlfahrtsverbaende-wenden-sich-gegen-verschaerfte-fluechtlingspolitik-auch-niedersaechsische-vereine-der-fluechtlingshilfe-ueben-kritik\/","title":{"rendered":"Wohlfahrtsverb\u00e4nde wenden sich gegen versch\u00e4rfte Fl\u00fcchtlingspolitik &#8211; Auch nieders\u00e4chsische Vereine der Fl\u00fcchtlingshilfe \u00fcben Kritik"},"content":{"rendered":"<p class=\"MsoPlainText\">Hannover (epd). Der Parit\u00e4tische Wohlfahrtsverband und der Bundesverband der Arbeiterwohlfahrt (AWO) haben die Teilnehmer der am Mittwoch beginnenden Innenministerkonferenz vor einer Versch\u00e4rfung der Fl\u00fcchtlingspolitik gewarnt. Durch den Fokus der geplanten Gesetze und Beschl\u00fcsse \u00abauf Abschiebung und Abschreckung droht eher eine Gef\u00e4hrdung denn eine Sicherung des sozialen Friedens\u00bb, hei\u00dft es in einem Brief der Verb\u00e4nde an die Teilnehmer der Konferenz, der dem Evangelischen Pressedienst (epd) vorliegt.<\/p>\n<p class=\"MsoPlainText\">&nbsp;<\/p>\n<p class=\"MsoPlainText\">Die hohe Zahl an Schutzsuchenden in Deutschland habe Bund, L\u00e4nder, Kommunen und die Zivilgesellschaft vor gro\u00dfe Herausforderungen gestellt und \u00abzu einer deutlichen Versch\u00e4rfung des asyl- und migrationspolitischen Diskurses gef\u00fchrt\u00bb, betonten der Hauptgesch\u00e4ftsf\u00fchrer des Parit\u00e4tischen Wohlfahrtverbandes, Ulrich Schneider, und die AWO-Vorst\u00e4ndin Claudia Mandrysch.<\/p>\n<p class=\"MsoPlainText\">&nbsp;<\/p>\n<p class=\"MsoPlainText\">Durch die Gesetzesvorhaben w\u00fcrde einer Stigmatisierung Gefl\u00fcchteter Vorschub geleistet. Falls die Ma\u00dfnahmen nicht zum gew\u00fcnschten Erfolg f\u00fchren sollten, werde das Vertrauen der B\u00fcrger in das staatliche Handeln ersch\u00fcttert. Das w\u00fcrde sich negativ auf die Aufnahmebereitschaft auswirken. Die Unterzeichner forderten unter anderem, Verfahren zu beschleunigen, mehr Unterk\u00fcnfte zu schaffen, die Pflicht zur Unterbringung in Erstaufnahmeeinrichtungen aufzuheben und Gefl\u00fcchteten die freie Wahl des Wohnortes zu erlauben.<\/p>\n<p class=\"MsoPlainText\">&nbsp;<\/p>\n<p class=\"MsoPlainText\">Die Verb\u00e4nde beklagten die geplanten Ma\u00dfnahmen der Bundesregierung zur Erleichterung von Abschiebungen. Sie bedeuteten erhebliche grundrechtliche Eingriffe, etwa bei der Ausweitung von Haft oder erweiterten Durchsuchungsbefugnissen. Zudem k\u00f6nnten sie zu Retraumatisierungen und einem Leben in best\u00e4ndiger Angst, Misstrauen und Unsicherheit f\u00fchren &#8211; \u00abauch bei Menschen, die Schutz erhalten und in Deutschland bleiben werden\u00bb.<\/p>\n<p class=\"MsoPlainText\">&nbsp;<\/p>\n<p class=\"MsoPlainText\">Schneider und Mandrysch wandten sich in dem Schreiben auch gegen den Einsatz von Bezahlkarten zur Abschreckung und Einschr\u00e4nkung von Leistungsbezieherinnen und -Bezieher. Wenn sie eingef\u00fchrt werden sollten, d\u00fcrften sie nicht zu Diskriminierungen f\u00fchren und den Erwerb von G\u00fctern und Dienstleistungen nicht einschr\u00e4nken.<\/p>\n<p class=\"MsoPlainText\">&nbsp;<\/p>\n<p class=\"MsoPlainText\">Unterdessen haben sich auch mehr als 25 Verb\u00e4nde und Vereine der Fl\u00fcchtlingshilfe in Niedersachsen in einer gemeinsamen Erkl\u00e4rung gegen die geplanten Leistungsk\u00fcrzungen und die Einf\u00fchrung einer Bezahlkarte f\u00fcr Asylbewerber gewandt. Diese Ma\u00dfnahmen seien verfassungswidrig und f\u00fchrten zu Ausgrenzung und Gettoisierung, hei\u00dft es in dem unter anderem vom Fl\u00fcchtlingsrat und dem Netzwerk f\u00fcr traumatisierte Fl\u00fcchtlinge unterzeichneten Schreiben. Es sei irrational zu glauben, Gefl\u00fcchtete w\u00fcrden sich dadurch davon abschrecken lassen, in Deutschland Asyl zu beantragen.<\/p>\n<p>Kirche-Oldenburg<br \/>\n<a href=\"https:\/\/www.kirche-oldenburg.de\/\/aktuell\/news-niedersachsen\/artikel\/wohlfahrtsverbaende-wenden-sich-gegen-verschaerfte-fluechtlingspolitik-auch-niedersaechsische-vereine-der-fluechtlingshilfe-ueben-kritik\" target=\"_blank\" rel=\"noopener\">Wohlfahrtsverb\u00e4nde wenden sich gegen versch\u00e4rfte Fl\u00fcchtlingspolitik &#8211; Auch nieders\u00e4chsische Vereine der Fl\u00fcchtlingshilfe \u00fcben Kritik<\/a><\/p>\n","protected":false},"excerpt":{"rendered":"<p>Hannover (epd). Der Parit\u00e4tische Wohlfahrtsverband und der Bundesverband der Arbeiterwohlfahrt (AWO) haben die Teilnehmer der am Mittwoch beginnenden Innenministerkonferenz vor einer Versch\u00e4rfung der Fl\u00fcchtlingspolitik gewarnt. Durch den Fokus der geplanten Gesetze und Beschl\u00fcsse \u00abauf Abschiebung und Abschreckung droht eher eine Gef\u00e4hrdung denn eine Sicherung des sozialen Friedens\u00bb, hei\u00dft es in einem Brief der Verb\u00e4nde an die Teilnehmer der Konferenz, der dem Evangelischen Pressedienst (epd) vorliegt. &nbsp; Die hohe Zahl an Schutzsuchenden in Deutschland habe Bund, L\u00e4nder, Kommunen und die Zivilgesellschaft vor gro\u00dfe Herausforderungen gestellt und \u00abzu einer deutlichen Versch\u00e4rfung des asyl- und migrationspolitischen Diskurses gef\u00fchrt\u00bb, betonten der Hauptgesch\u00e4ftsf\u00fchrer des Parit\u00e4tischen&#8230;<\/p>\n","protected":false},"author":7,"featured_media":0,"comment_status":"false","ping_status":"open","sticky":false,"template":"","format":"standard","meta":{"footnotes":""},"categories":[43],"tags":[44],"class_list":["post-25900","post","type-post","status-publish","format-standard","hentry","category-kirche-oldenburg","tag-kirche-oldenburg"],"_links":{"self":[{"href":"https:\/\/christusnews.de\/site\/wp-json\/wp\/v2\/posts\/25900","targetHints":{"allow":["GET"]}}],"collection":[{"href":"https:\/\/christusnews.de\/site\/wp-json\/wp\/v2\/posts"}],"about":[{"href":"https:\/\/christusnews.de\/site\/wp-json\/wp\/v2\/types\/post"}],"author":[{"embeddable":true,"href":"https:\/\/christusnews.de\/site\/wp-json\/wp\/v2\/users\/7"}],"replies":[{"embeddable":true,"href":"https:\/\/christusnews.de\/site\/wp-json\/wp\/v2\/comments?post=25900"}],"version-history":[{"count":1,"href":"https:\/\/christusnews.de\/site\/wp-json\/wp\/v2\/posts\/25900\/revisions"}],"predecessor-version":[{"id":25901,"href":"https:\/\/christusnews.de\/site\/wp-json\/wp\/v2\/posts\/25900\/revisions\/25901"}],"wp:attachment":[{"href":"https:\/\/christusnews.de\/site\/wp-json\/wp\/v2\/media?parent=25900"}],"wp:term":[{"taxonomy":"category","embeddable":true,"href":"https:\/\/christusnews.de\/site\/wp-json\/wp\/v2\/categories?post=25900"},{"taxonomy":"post_tag","embeddable":true,"href":"https:\/\/christusnews.de\/site\/wp-json\/wp\/v2\/tags?post=25900"}],"curies":[{"name":"wp","href":"https:\/\/api.w.org\/{rel}","templated":true}]}}