{"id":25903,"date":"2023-12-08T09:53:46","date_gmt":"2023-12-08T08:53:46","guid":{"rendered":"https:\/\/christusnews.de\/site\/?p=25903"},"modified":"2023-12-08T09:56:31","modified_gmt":"2023-12-08T08:56:31","slug":"gottesdienst-fuer-verstorbene-kinder","status":"publish","type":"post","link":"https:\/\/christusnews.de\/site\/gottesdienst-fuer-verstorbene-kinder\/","title":{"rendered":"Gedenkgottesdienst f\u00fcr verstorbene Kinder"},"content":{"rendered":"\n<p><strong>Eine Lichterkette geht um die Welt<br>Weltgedenktag f\u00fcr alle verstorbenen Kinder am Sonntag, 10. Dezember in der Christus- und Garnisonkirche<\/strong><\/p>\n\n\n\n<p>Jedes Jahr sterben allein in Deutschland rund 20 000 Kinder und junge Erwachsene. Und \u00fcberall bleiben trauernde Eltern, Geschwister, Gro\u00dfeltern und Freunde zur\u00fcck.<\/p>\n\n\n\n<p>Deshalb gibt f\u00fcr sie eine besondere Aktion in jedem Jahr am 2. Sonntag im Dezember. \u00dcberall auf der Erde entz\u00fcnden Betroffene Kerzen. W\u00e4hrend die Kerzen in einer Zeitzone erl\u00f6schen, werden sie in der n\u00e4chsten entz\u00fcndet, so zieht eine Welle des Lichts um die ganze Welt. Jedes Licht im Fenster ist ein Andenken an die gestorbenen Kinder. Sie haben unser Leben erhellt und wir werden sie nie vergessen! Im Rahmen der Aktion findet auch bei uns in Wilhelmshaven ein Lichtergottesdienst statt. Die Christus- und Garnisonkirche und die Ev. Familien-Bildungsst\u00e4tte Friesland-Wilhelmshaven laden ein. Am Sonntag, den 10. Dezember findet mit Pastorin Natascha Faull aus dem Stadtnorden und allen Angeh\u00f6rigen und Interessierten in der Christus- und Garnisonkirche&nbsp;in Wilhelmshaven&nbsp;um 19 Uhr ein Gottesdienst statt. Eine Anmeldung ist nicht erforderlich. Fotos oder andere Erinnerungen k\u00f6nnen mitgebracht werden.<\/p>\n","protected":false},"excerpt":{"rendered":"<p>Eine Lichterkette geht um die WeltWeltgedenktag f\u00fcr alle verstorbenen Kinder am Sonntag, 10. Dezember in der Christus- und Garnisonkirche Jedes Jahr sterben allein in Deutschland rund 20 000 Kinder und junge Erwachsene. Und \u00fcberall bleiben trauernde Eltern, Geschwister, Gro\u00dfeltern und Freunde zur\u00fcck. Deshalb gibt f\u00fcr sie eine besondere Aktion in jedem Jahr am 2. Sonntag im Dezember. \u00dcberall auf der Erde entz\u00fcnden Betroffene Kerzen. W\u00e4hrend die Kerzen in einer Zeitzone erl\u00f6schen, werden sie in der n\u00e4chsten entz\u00fcndet, so zieht eine Welle des Lichts um die ganze Welt. Jedes Licht im Fenster ist ein Andenken an die gestorbenen Kinder. Sie haben&#8230;<\/p>\n","protected":false},"author":4,"featured_media":25904,"comment_status":"closed","ping_status":"open","sticky":false,"template":"","format":"standard","meta":{"footnotes":""},"categories":[1],"tags":[],"class_list":["post-25903","post","type-post","status-publish","format-standard","has-post-thumbnail","hentry","category-gemeinde"],"_links":{"self":[{"href":"https:\/\/christusnews.de\/site\/wp-json\/wp\/v2\/posts\/25903","targetHints":{"allow":["GET"]}}],"collection":[{"href":"https:\/\/christusnews.de\/site\/wp-json\/wp\/v2\/posts"}],"about":[{"href":"https:\/\/christusnews.de\/site\/wp-json\/wp\/v2\/types\/post"}],"author":[{"embeddable":true,"href":"https:\/\/christusnews.de\/site\/wp-json\/wp\/v2\/users\/4"}],"replies":[{"embeddable":true,"href":"https:\/\/christusnews.de\/site\/wp-json\/wp\/v2\/comments?post=25903"}],"version-history":[{"count":2,"href":"https:\/\/christusnews.de\/site\/wp-json\/wp\/v2\/posts\/25903\/revisions"}],"predecessor-version":[{"id":25908,"href":"https:\/\/christusnews.de\/site\/wp-json\/wp\/v2\/posts\/25903\/revisions\/25908"}],"wp:featuredmedia":[{"embeddable":true,"href":"https:\/\/christusnews.de\/site\/wp-json\/wp\/v2\/media\/25904"}],"wp:attachment":[{"href":"https:\/\/christusnews.de\/site\/wp-json\/wp\/v2\/media?parent=25903"}],"wp:term":[{"taxonomy":"category","embeddable":true,"href":"https:\/\/christusnews.de\/site\/wp-json\/wp\/v2\/categories?post=25903"},{"taxonomy":"post_tag","embeddable":true,"href":"https:\/\/christusnews.de\/site\/wp-json\/wp\/v2\/tags?post=25903"}],"curies":[{"name":"wp","href":"https:\/\/api.w.org\/{rel}","templated":true}]}}