{"id":25919,"date":"2023-12-12T10:07:54","date_gmt":"2023-12-12T09:07:54","guid":{"rendered":"https:\/\/christusnews.de\/site\/?p=25919"},"modified":"2023-12-11T10:08:28","modified_gmt":"2023-12-11T09:08:28","slug":"bischof-in-oldenburg","status":"publish","type":"post","link":"https:\/\/christusnews.de\/site\/bischof-in-oldenburg\/","title":{"rendered":"Bischof in Oldenburg"},"content":{"rendered":"\n<p>Heute \u2013 so lese ich im Kalender \u2013 ist der Gedenktag des Heiligen Vizelin. Der war im Mittelalter Bischof von Oldenburg. \u201eEcht?\u201c, denke ich. \u201eSchon im Mittelalter hatte Oldenburg einen Bischof?\u201c Das ist mir neu. Passt auch nicht. Als Vizelin gelebt hat \u2013 im 12. Jahrhundert \u2013 da wurde Oldenburg am Fluss Hunte grad das erste Mal urkundlich erw\u00e4hnt. Also muss Bischof Vizelin wohl in Oldenburg in Holstein ans\u00e4ssig gewesen sein. Ist auch irgendwie besonders: Oldenburg in Holstein ist heute eine Kleinstadt mit weniger als 10.000 Einwohnern. Und war also mal Bischofssitz. Vielleicht sollte ich mir den Ort einmal anschauen. Sogar neolithische Gro\u00dfsteingr\u00e4ber und bronzezeitliche Grabh\u00fcgel gibt es. War also schon fr\u00fch was los dort. Aber \u2013 so lese ich \u2013 gelebt hat Bischof Vizelin von Oldenburg da auch nicht. Weil die Wenden dort siedelten und sich nicht missionieren lassen wollten, konnte Bischof Vizelin nicht am eigentlichen Bischofssitz wirken, sondern lie\u00df eine Ersatzkirche in einem Nachbarort bauen. Kirchenbau und Mission waren Vizelins wichtigste Themen. Aber ich finde noch ein Gem\u00e4lde, auf dem er Gaben an Bed\u00fcrftige verteilt. Ein gro\u00dfer Korb ist zu sehen und ein Sack wird aus einer Kirche zu den Wartenden getragen. Fast wie beim Amtskollegen Nikolaus.<\/p>\n\n\n\n<p><\/p>\n\n\n\n<blockquote class=\"wp-block-quote is-layout-flow wp-block-quote-is-layout-flow\">\n<p id=\"block-e1fb04d9-c3be-42c8-a2c8-f0fda48bf077\"><strong>Natascha Faull \/ Pastorin im Stadtorden Wilhelmshavens<\/strong><\/p>\n\n\n\n<p id=\"block-4856caf7-8571-49e2-9264-db73626b066a\">H<em>\u00f6ren Sie diesen Beitrag bei Radio Jade:<\/em><br><a href=\"http:\/\/www.radio-jade.de\/mediathek\/angedacht\/\" target=\"_blank\" rel=\"noreferrer noopener\"><em>Alle Beitr\u00e4ge im \u00dcberblick | RADIO JADE<\/em><\/a><\/p>\n<\/blockquote>\n","protected":false},"excerpt":{"rendered":"<p>Heute \u2013 so lese ich im Kalender \u2013 ist der Gedenktag des Heiligen Vizelin. Der war im Mittelalter Bischof von Oldenburg. \u201eEcht?\u201c, denke ich. \u201eSchon im Mittelalter hatte Oldenburg einen Bischof?\u201c Das ist mir neu. Passt auch nicht. Als Vizelin gelebt hat \u2013 im 12. Jahrhundert \u2013 da wurde Oldenburg am Fluss Hunte grad das erste Mal urkundlich erw\u00e4hnt. Also muss Bischof Vizelin wohl in Oldenburg in Holstein ans\u00e4ssig gewesen sein. Ist auch irgendwie besonders: Oldenburg in Holstein ist heute eine Kleinstadt mit weniger als 10.000 Einwohnern. Und war also mal Bischofssitz. Vielleicht sollte ich mir den Ort einmal anschauen&#8230;.<\/p>\n","protected":false},"author":6,"featured_media":1171,"comment_status":"closed","ping_status":"open","sticky":false,"template":"","format":"standard","meta":{"footnotes":""},"categories":[5],"tags":[],"class_list":["post-25919","post","type-post","status-publish","format-standard","has-post-thumbnail","hentry","category-angedacht"],"_links":{"self":[{"href":"https:\/\/christusnews.de\/site\/wp-json\/wp\/v2\/posts\/25919","targetHints":{"allow":["GET"]}}],"collection":[{"href":"https:\/\/christusnews.de\/site\/wp-json\/wp\/v2\/posts"}],"about":[{"href":"https:\/\/christusnews.de\/site\/wp-json\/wp\/v2\/types\/post"}],"author":[{"embeddable":true,"href":"https:\/\/christusnews.de\/site\/wp-json\/wp\/v2\/users\/6"}],"replies":[{"embeddable":true,"href":"https:\/\/christusnews.de\/site\/wp-json\/wp\/v2\/comments?post=25919"}],"version-history":[{"count":1,"href":"https:\/\/christusnews.de\/site\/wp-json\/wp\/v2\/posts\/25919\/revisions"}],"predecessor-version":[{"id":25920,"href":"https:\/\/christusnews.de\/site\/wp-json\/wp\/v2\/posts\/25919\/revisions\/25920"}],"wp:featuredmedia":[{"embeddable":true,"href":"https:\/\/christusnews.de\/site\/wp-json\/wp\/v2\/media\/1171"}],"wp:attachment":[{"href":"https:\/\/christusnews.de\/site\/wp-json\/wp\/v2\/media?parent=25919"}],"wp:term":[{"taxonomy":"category","embeddable":true,"href":"https:\/\/christusnews.de\/site\/wp-json\/wp\/v2\/categories?post=25919"},{"taxonomy":"post_tag","embeddable":true,"href":"https:\/\/christusnews.de\/site\/wp-json\/wp\/v2\/tags?post=25919"}],"curies":[{"name":"wp","href":"https:\/\/api.w.org\/{rel}","templated":true}]}}