{"id":25921,"date":"2023-12-13T10:08:32","date_gmt":"2023-12-13T09:08:32","guid":{"rendered":"https:\/\/christusnews.de\/site\/?p=25921"},"modified":"2023-12-11T10:08:59","modified_gmt":"2023-12-11T09:08:59","slug":"lucia","status":"publish","type":"post","link":"https:\/\/christusnews.de\/site\/lucia\/","title":{"rendered":"Lucia"},"content":{"rendered":"\n<p>Als ich im letzten Grundschuljahr war, hatten wir eine Ausgabe einer Kinderzeitschrift, in der Advents- und Weihnachtsbr\u00e4uche aus unterschiedlichen L\u00e4ndern vorgestellt wurden. Am meisten beeindruckte mich damals die Feier des Lucia-Festes in Schweden. Ein M\u00e4dchen, das mit einem Kerzenkranz auf dem Kopf eine Prozession anf\u00fchrt. So etwas hatte ich noch nie gesehen. Ich stellte mir vor, wie das wohl sein m\u00fcsste mit einem solchen Lichterkranz durch den Mittelgang der Kirche zu schreiten oder ihn drau\u00dfen im Schnee durch die Dunkelheit zu balancieren. Dass der Wind wohl das gr\u00f6\u00dfere Problem w\u00e4re, daran dachte ich nicht. Und dass f\u00fcr Drau\u00dfen elektrische Kerzen genommen werden, wusste ich damals nicht.Die heilige Lucia soll mit dem Lichtkranz zu ihren Glaubensgeschwistern gegangen sein, die sich in Katakomben versteckt hielten, um der Christenverfolgung zu entgehen. Im 3. Jahrhundert war das. Die H\u00e4nde brauchte Lucia frei, damit sie genug Brot und andere Speisen zu den Versteckten tragen konnte. Wie kann ich heute zur Lichttr\u00e4gerin werden auch ohne den Kerzenkranz?<\/p>\n\n\n\n<p><\/p>\n\n\n\n<blockquote class=\"wp-block-quote is-layout-flow wp-block-quote-is-layout-flow\">\n<p id=\"block-e1fb04d9-c3be-42c8-a2c8-f0fda48bf077\"><strong>Natascha Faull \/ Pastorin im Stadtorden Wilhelmshavens<\/strong><\/p>\n\n\n\n<p id=\"block-4856caf7-8571-49e2-9264-db73626b066a\">H<em>\u00f6ren Sie diesen Beitrag bei Radio Jade:<\/em><br><a href=\"http:\/\/www.radio-jade.de\/mediathek\/angedacht\/\" target=\"_blank\" rel=\"noreferrer noopener\"><em>Alle Beitr\u00e4ge im \u00dcberblick | RADIO JADE<\/em><\/a><\/p>\n<\/blockquote>\n","protected":false},"excerpt":{"rendered":"<p>Als ich im letzten Grundschuljahr war, hatten wir eine Ausgabe einer Kinderzeitschrift, in der Advents- und Weihnachtsbr\u00e4uche aus unterschiedlichen L\u00e4ndern vorgestellt wurden. Am meisten beeindruckte mich damals die Feier des Lucia-Festes in Schweden. Ein M\u00e4dchen, das mit einem Kerzenkranz auf dem Kopf eine Prozession anf\u00fchrt. So etwas hatte ich noch nie gesehen. Ich stellte mir vor, wie das wohl sein m\u00fcsste mit einem solchen Lichterkranz durch den Mittelgang der Kirche zu schreiten oder ihn drau\u00dfen im Schnee durch die Dunkelheit zu balancieren. Dass der Wind wohl das gr\u00f6\u00dfere Problem w\u00e4re, daran dachte ich nicht. Und dass f\u00fcr Drau\u00dfen elektrische Kerzen&#8230;<\/p>\n","protected":false},"author":6,"featured_media":1171,"comment_status":"closed","ping_status":"open","sticky":false,"template":"","format":"standard","meta":{"footnotes":""},"categories":[5],"tags":[],"class_list":["post-25921","post","type-post","status-publish","format-standard","has-post-thumbnail","hentry","category-angedacht"],"_links":{"self":[{"href":"https:\/\/christusnews.de\/site\/wp-json\/wp\/v2\/posts\/25921","targetHints":{"allow":["GET"]}}],"collection":[{"href":"https:\/\/christusnews.de\/site\/wp-json\/wp\/v2\/posts"}],"about":[{"href":"https:\/\/christusnews.de\/site\/wp-json\/wp\/v2\/types\/post"}],"author":[{"embeddable":true,"href":"https:\/\/christusnews.de\/site\/wp-json\/wp\/v2\/users\/6"}],"replies":[{"embeddable":true,"href":"https:\/\/christusnews.de\/site\/wp-json\/wp\/v2\/comments?post=25921"}],"version-history":[{"count":1,"href":"https:\/\/christusnews.de\/site\/wp-json\/wp\/v2\/posts\/25921\/revisions"}],"predecessor-version":[{"id":25922,"href":"https:\/\/christusnews.de\/site\/wp-json\/wp\/v2\/posts\/25921\/revisions\/25922"}],"wp:featuredmedia":[{"embeddable":true,"href":"https:\/\/christusnews.de\/site\/wp-json\/wp\/v2\/media\/1171"}],"wp:attachment":[{"href":"https:\/\/christusnews.de\/site\/wp-json\/wp\/v2\/media?parent=25921"}],"wp:term":[{"taxonomy":"category","embeddable":true,"href":"https:\/\/christusnews.de\/site\/wp-json\/wp\/v2\/categories?post=25921"},{"taxonomy":"post_tag","embeddable":true,"href":"https:\/\/christusnews.de\/site\/wp-json\/wp\/v2\/tags?post=25921"}],"curies":[{"name":"wp","href":"https:\/\/api.w.org\/{rel}","templated":true}]}}