{"id":25923,"date":"2023-12-14T10:09:03","date_gmt":"2023-12-14T09:09:03","guid":{"rendered":"https:\/\/christusnews.de\/site\/?p=25923"},"modified":"2023-12-11T10:09:32","modified_gmt":"2023-12-11T09:09:32","slug":"prediger","status":"publish","type":"post","link":"https:\/\/christusnews.de\/site\/prediger\/","title":{"rendered":"Prediger"},"content":{"rendered":"\n<p>\u201eDie Juden soll man genauso beschirmen wie die Christen, was ihr Leben und ihr Gut betrifft, da sie in Frieden aufgenommen sind!\u201c Das ist ein Zitat eines franziskanischen Predigers aus dem 13. Jahrhundert. Berthold von Regensburg hie\u00df er und heut ist sein Gedenktag. Viele Menschen sollen im Hochmittelalter seinen Predigten gelauscht haben: von 40.000 und sogar von 200.000 Zuh\u00f6renden wird berichtet. Da fragt man sich ja schon, was die wohl verstanden haben, so ohne Mikro. Auf jeden Fall muss Berthold es gekonnt haben \u2013 das Predigen. Aus allen Gesellschaftsschichten kamen die Menschen zusammen, um seiner Auslegung des biblischen Wortes zuzuh\u00f6ren. Und das war sicher nicht immer angenehm, da er zur Bu\u00dfe aufrief und vor Geldgier warnte. Aber rhetorisch war er seiner Zeit voraus: Er benutzte kurze Erz\u00e4hlungen, Beispielgeschichten, Vergleiche, Redensarten, Sprichw\u00f6rter und Wortspiele. Er redete sein Publikum direkt an, fragte etwas oder rief laut. Seine Wortwahl war deftig und erheiternd. Ein bisschen was davon k\u00f6nnen wir sicher brauchen. Dann ist es nicht nur Weihnachten voll in unseren Kirchen.<\/p>\n\n\n\n<p><\/p>\n\n\n\n<blockquote class=\"wp-block-quote is-layout-flow wp-block-quote-is-layout-flow\">\n<p id=\"block-e1fb04d9-c3be-42c8-a2c8-f0fda48bf077\"><strong>Natascha Faull \/ Pastorin im Stadtorden Wilhelmshavens<\/strong><\/p>\n\n\n\n<p id=\"block-4856caf7-8571-49e2-9264-db73626b066a\">H<em>\u00f6ren Sie diesen Beitrag bei Radio Jade:<\/em><br><a href=\"http:\/\/www.radio-jade.de\/mediathek\/angedacht\/\" target=\"_blank\" rel=\"noreferrer noopener\"><em>Alle Beitr\u00e4ge im \u00dcberblick | RADIO JADE<\/em><\/a><\/p>\n<\/blockquote>\n","protected":false},"excerpt":{"rendered":"<p>\u201eDie Juden soll man genauso beschirmen wie die Christen, was ihr Leben und ihr Gut betrifft, da sie in Frieden aufgenommen sind!\u201c Das ist ein Zitat eines franziskanischen Predigers aus dem 13. Jahrhundert. Berthold von Regensburg hie\u00df er und heut ist sein Gedenktag. Viele Menschen sollen im Hochmittelalter seinen Predigten gelauscht haben: von 40.000 und sogar von 200.000 Zuh\u00f6renden wird berichtet. Da fragt man sich ja schon, was die wohl verstanden haben, so ohne Mikro. Auf jeden Fall muss Berthold es gekonnt haben \u2013 das Predigen. Aus allen Gesellschaftsschichten kamen die Menschen zusammen, um seiner Auslegung des biblischen Wortes zuzuh\u00f6ren&#8230;.<\/p>\n","protected":false},"author":6,"featured_media":1171,"comment_status":"closed","ping_status":"open","sticky":false,"template":"","format":"standard","meta":{"footnotes":""},"categories":[5],"tags":[],"class_list":["post-25923","post","type-post","status-publish","format-standard","has-post-thumbnail","hentry","category-angedacht"],"_links":{"self":[{"href":"https:\/\/christusnews.de\/site\/wp-json\/wp\/v2\/posts\/25923","targetHints":{"allow":["GET"]}}],"collection":[{"href":"https:\/\/christusnews.de\/site\/wp-json\/wp\/v2\/posts"}],"about":[{"href":"https:\/\/christusnews.de\/site\/wp-json\/wp\/v2\/types\/post"}],"author":[{"embeddable":true,"href":"https:\/\/christusnews.de\/site\/wp-json\/wp\/v2\/users\/6"}],"replies":[{"embeddable":true,"href":"https:\/\/christusnews.de\/site\/wp-json\/wp\/v2\/comments?post=25923"}],"version-history":[{"count":1,"href":"https:\/\/christusnews.de\/site\/wp-json\/wp\/v2\/posts\/25923\/revisions"}],"predecessor-version":[{"id":25924,"href":"https:\/\/christusnews.de\/site\/wp-json\/wp\/v2\/posts\/25923\/revisions\/25924"}],"wp:featuredmedia":[{"embeddable":true,"href":"https:\/\/christusnews.de\/site\/wp-json\/wp\/v2\/media\/1171"}],"wp:attachment":[{"href":"https:\/\/christusnews.de\/site\/wp-json\/wp\/v2\/media?parent=25923"}],"wp:term":[{"taxonomy":"category","embeddable":true,"href":"https:\/\/christusnews.de\/site\/wp-json\/wp\/v2\/categories?post=25923"},{"taxonomy":"post_tag","embeddable":true,"href":"https:\/\/christusnews.de\/site\/wp-json\/wp\/v2\/tags?post=25923"}],"curies":[{"name":"wp","href":"https:\/\/api.w.org\/{rel}","templated":true}]}}