{"id":25935,"date":"2023-12-09T12:48:00","date_gmt":"2023-12-09T11:48:00","guid":{"rendered":"https:\/\/christusnews.de\/site\/ministerpraesident-weiht-juedischen-chanukka-leuchter-in-hannover-ein\/"},"modified":"2023-12-11T22:17:21","modified_gmt":"2023-12-11T21:17:21","slug":"ministerpraesident-weiht-juedischen-chanukka-leuchter-in-hannover-ein","status":"publish","type":"post","link":"https:\/\/christusnews.de\/site\/ministerpraesident-weiht-juedischen-chanukka-leuchter-in-hannover-ein\/","title":{"rendered":"Ministerpr\u00e4sident weiht j\u00fcdischen Chanukka-Leuchter in Hannover ein"},"content":{"rendered":"<p class=\"MsoPlainText\">Hannover (epd). Niedersachsens Ministerpr\u00e4sident Stephan Weil (SPD) wird an diesem Sonntag (10. Dezember) auf dem Opernplatz in Hannover einen gro\u00dfen j\u00fcdischen Chanukka-Leuchter einweihen und ein Licht entz\u00fcnden. Der sechs Meter hohe neunarmige Leuchter solle nach dem j\u00fcdischen Lichterfest noch einige Zeit stehen bleiben und Licht in der dunklen Jahreszeit spenden, teilte die j\u00fcdisch-orthodoxe Chabad-Gemeinschaft am Freitag mit. Zu der Einweihungsfeier ab 17 Uhr erwarten die Veranstalter etwa 2.000 Besucherinnen und Besucher, die Polizei will sie mit einem gro\u00dfen Schutzaufgebot begleiten.<\/p>\n<p class=\"MsoPlainText\">&nbsp;<\/p>\n<p class=\"MsoPlainText\">\u00abWir wollen nach au\u00dfen hin zeigen, dass wir eine fr\u00f6hliche, offene und gesellschaftlich stark eingebundene Gemeinschaft sind\u00bb, sagte Chabad-Sprecher Marc Simon: \u00abChanukka bringt Licht auch f\u00fcr die nichtj\u00fcdische Bev\u00f6lkerung.\u00bb Das Judentum sei eine nicht missionierende Religion, betonte er. Aber weil die j\u00fcdischen Gemeinden sehr klein seien, h\u00e4tten Nichtjuden kaum Gelegenheit, das Judentum kennenzulernen. Deswegen gingen die Veranstalter bewusst in die \u00d6ffentlichkeit. Hinter der Feier steht neben der Chabad-Bewegung auch die J\u00fcdische Gemeinde Hannover.<\/p>\n<p class=\"MsoPlainText\">&nbsp;<\/p>\n<p class=\"MsoPlainText\">Der wei\u00df gestrichene Leuchter sei neu angefertigt worden und habe mit Genehmigung der Stadt Hannover eine dauerhafte Befestigung bekommen, erl\u00e4uterte Simon. \u00abDas ist deutschlandweit einzigartig.\u00bb Bereits am 6. Dezember wurde er mit dem Beginn des Chanukka-Festes aufgestellt. Bei der Feier am Sonntag wird das vierte Licht entz\u00fcndet. Dazu werden auch Kultusministerin Julia Willie Hamburg (Gr\u00fcne), Landtagspr\u00e4sidentin Hanna Naber (SPD), Oberb\u00fcrgermeister Belit Onay (Gr\u00fcne) und Regionspr\u00e4sident Steffen Krach (SPD) erwartet.<\/p>\n<p class=\"MsoPlainText\">&nbsp;<\/p>\n<p class=\"MsoPlainText\">Das achtt\u00e4gige j\u00fcdische Lichterfest dauert in diesem Jahr bis zum 15. Dezember. Mit Einbruch der Dunkelheit wird an den Leuchtern jeden Tag ein neues Licht angez\u00fcndet. Die Festfreude ist in diesem Jahr getr\u00fcbt vom Terroranschlag der radikalislamischen Hamas auf Israel und dem Krieg im Gaza-Streifen. Dies werde jedoch nicht im Vordergrund stehen, betonte Simon: \u00abWir feiern in erster Linie Chanukka. Wir werden uns nicht als Trauergemeinde pr\u00e4sentieren, sondern die positiven Seiten unserer Religion und Tradition zeigen.\u00bb<\/p>\n<p>Kirche-Oldenburg<br \/>\n<a href=\"https:\/\/www.kirche-oldenburg.de\/\/aktuell\/news-niedersachsen\/artikel\/ministerpraesident-weiht-juedischen-chanukka-leuchter-in-hannover-ein\" target=\"_blank\" rel=\"noopener\">Ministerpr\u00e4sident weiht j\u00fcdischen Chanukka-Leuchter in Hannover ein<\/a><\/p>\n","protected":false},"excerpt":{"rendered":"<p>Hannover (epd). Niedersachsens Ministerpr\u00e4sident Stephan Weil (SPD) wird an diesem Sonntag (10. Dezember) auf dem Opernplatz in Hannover einen gro\u00dfen j\u00fcdischen Chanukka-Leuchter einweihen und ein Licht entz\u00fcnden. Der sechs Meter hohe neunarmige Leuchter solle nach dem j\u00fcdischen Lichterfest noch einige Zeit stehen bleiben und Licht in der dunklen Jahreszeit spenden, teilte die j\u00fcdisch-orthodoxe Chabad-Gemeinschaft am Freitag mit. Zu der Einweihungsfeier ab 17 Uhr erwarten die Veranstalter etwa 2.000 Besucherinnen und Besucher, die Polizei will sie mit einem gro\u00dfen Schutzaufgebot begleiten. &nbsp; \u00abWir wollen nach au\u00dfen hin zeigen, dass wir eine fr\u00f6hliche, offene und gesellschaftlich stark eingebundene Gemeinschaft sind\u00bb, sagte Chabad-Sprecher&#8230;<\/p>\n","protected":false},"author":7,"featured_media":0,"comment_status":"false","ping_status":"open","sticky":false,"template":"","format":"standard","meta":{"footnotes":""},"categories":[43],"tags":[44],"class_list":["post-25935","post","type-post","status-publish","format-standard","hentry","category-kirche-oldenburg","tag-kirche-oldenburg"],"_links":{"self":[{"href":"https:\/\/christusnews.de\/site\/wp-json\/wp\/v2\/posts\/25935","targetHints":{"allow":["GET"]}}],"collection":[{"href":"https:\/\/christusnews.de\/site\/wp-json\/wp\/v2\/posts"}],"about":[{"href":"https:\/\/christusnews.de\/site\/wp-json\/wp\/v2\/types\/post"}],"author":[{"embeddable":true,"href":"https:\/\/christusnews.de\/site\/wp-json\/wp\/v2\/users\/7"}],"replies":[{"embeddable":true,"href":"https:\/\/christusnews.de\/site\/wp-json\/wp\/v2\/comments?post=25935"}],"version-history":[{"count":1,"href":"https:\/\/christusnews.de\/site\/wp-json\/wp\/v2\/posts\/25935\/revisions"}],"predecessor-version":[{"id":25936,"href":"https:\/\/christusnews.de\/site\/wp-json\/wp\/v2\/posts\/25935\/revisions\/25936"}],"wp:attachment":[{"href":"https:\/\/christusnews.de\/site\/wp-json\/wp\/v2\/media?parent=25935"}],"wp:term":[{"taxonomy":"category","embeddable":true,"href":"https:\/\/christusnews.de\/site\/wp-json\/wp\/v2\/categories?post=25935"},{"taxonomy":"post_tag","embeddable":true,"href":"https:\/\/christusnews.de\/site\/wp-json\/wp\/v2\/tags?post=25935"}],"curies":[{"name":"wp","href":"https:\/\/api.w.org\/{rel}","templated":true}]}}