{"id":25937,"date":"2023-12-09T12:47:00","date_gmt":"2023-12-09T11:47:00","guid":{"rendered":"https:\/\/christusnews.de\/site\/paritaetischer-verband-grundrechte-sind-nicht-verhandelbar\/"},"modified":"2023-12-11T22:17:22","modified_gmt":"2023-12-11T21:17:22","slug":"paritaetischer-verband-grundrechte-sind-nicht-verhandelbar","status":"publish","type":"post","link":"https:\/\/christusnews.de\/site\/paritaetischer-verband-grundrechte-sind-nicht-verhandelbar\/","title":{"rendered":"Parit\u00e4tischer Verband: Grundrechte sind nicht verhandelbar"},"content":{"rendered":"<p class=\"MsoPlainText\">Hannover (epd). Der Parit\u00e4tische Wohlfahrtsverband Niedersachsen appelliert angesichts des 75. Jahrestags der Erkl\u00e4rung der Menschenrechte am Sonntag (10. Dezember) an deren Einhaltung.&nbsp;\u00abGrundrechte sind keine Verhandlungssache\u00bb, sagte Kerstin Tack, Vorsitzende des Parit\u00e4tischen Niedersachsen, am Freitag in Hannover.<\/p>\n<p class=\"MsoPlainText\">&nbsp;<\/p>\n<p class=\"MsoPlainText\">Insbesondere inmitten globaler Krisen wie dem Klimawandel und dem Ukraine-Krieg sei es wichtig, auf die Menschenrechte aufmerksam zu machen. Vielen Menschen seien nach wie vor Grundrechte wie das Recht auf Asyl und Bildung verwehrt, kritisierte der Wohlfahrtsverband.<\/p>\n<p class=\"MsoPlainText\">&nbsp;<\/p>\n<p class=\"MsoPlainText\">Tack rief dazu auf, \u00abgemeinsam f\u00fcr eine Gesellschaft einzustehen, die Grundrechte aller B\u00fcrgerinnen und B\u00fcrger sch\u00fctzt, unabh\u00e4ngig von Herkunft, Hautfarbe, Geschlecht, sexueller Identit\u00e4t oder sozialer Lage\u00bb.<\/p>\n<p>Kirche-Oldenburg<br \/>\n<a href=\"https:\/\/www.kirche-oldenburg.de\/\/aktuell\/news-niedersachsen\/artikel\/paritaetischer-verband-grundrechte-sind-nicht-verhandelbar\" target=\"_blank\" rel=\"noopener\">Parit\u00e4tischer Verband: Grundrechte sind nicht verhandelbar<\/a><\/p>\n","protected":false},"excerpt":{"rendered":"<p>Hannover (epd). Der Parit\u00e4tische Wohlfahrtsverband Niedersachsen appelliert angesichts des 75. Jahrestags der Erkl\u00e4rung der Menschenrechte am Sonntag (10. Dezember) an deren Einhaltung.&nbsp;\u00abGrundrechte sind keine Verhandlungssache\u00bb, sagte Kerstin Tack, Vorsitzende des Parit\u00e4tischen Niedersachsen, am Freitag in Hannover. &nbsp; Insbesondere inmitten globaler Krisen wie dem Klimawandel und dem Ukraine-Krieg sei es wichtig, auf die Menschenrechte aufmerksam zu machen. Vielen Menschen seien nach wie vor Grundrechte wie das Recht auf Asyl und Bildung verwehrt, kritisierte der Wohlfahrtsverband. &nbsp; Tack rief dazu auf, \u00abgemeinsam f\u00fcr eine Gesellschaft einzustehen, die Grundrechte aller B\u00fcrgerinnen und B\u00fcrger sch\u00fctzt, unabh\u00e4ngig von Herkunft, Hautfarbe, Geschlecht, sexueller Identit\u00e4t oder sozialer&#8230;<\/p>\n","protected":false},"author":7,"featured_media":0,"comment_status":"false","ping_status":"open","sticky":false,"template":"","format":"standard","meta":{"footnotes":""},"categories":[43],"tags":[44],"class_list":["post-25937","post","type-post","status-publish","format-standard","hentry","category-kirche-oldenburg","tag-kirche-oldenburg"],"_links":{"self":[{"href":"https:\/\/christusnews.de\/site\/wp-json\/wp\/v2\/posts\/25937","targetHints":{"allow":["GET"]}}],"collection":[{"href":"https:\/\/christusnews.de\/site\/wp-json\/wp\/v2\/posts"}],"about":[{"href":"https:\/\/christusnews.de\/site\/wp-json\/wp\/v2\/types\/post"}],"author":[{"embeddable":true,"href":"https:\/\/christusnews.de\/site\/wp-json\/wp\/v2\/users\/7"}],"replies":[{"embeddable":true,"href":"https:\/\/christusnews.de\/site\/wp-json\/wp\/v2\/comments?post=25937"}],"version-history":[{"count":1,"href":"https:\/\/christusnews.de\/site\/wp-json\/wp\/v2\/posts\/25937\/revisions"}],"predecessor-version":[{"id":25938,"href":"https:\/\/christusnews.de\/site\/wp-json\/wp\/v2\/posts\/25937\/revisions\/25938"}],"wp:attachment":[{"href":"https:\/\/christusnews.de\/site\/wp-json\/wp\/v2\/media?parent=25937"}],"wp:term":[{"taxonomy":"category","embeddable":true,"href":"https:\/\/christusnews.de\/site\/wp-json\/wp\/v2\/categories?post=25937"},{"taxonomy":"post_tag","embeddable":true,"href":"https:\/\/christusnews.de\/site\/wp-json\/wp\/v2\/tags?post=25937"}],"curies":[{"name":"wp","href":"https:\/\/api.w.org\/{rel}","templated":true}]}}