{"id":25939,"date":"2023-12-12T16:40:34","date_gmt":"2023-12-12T15:40:34","guid":{"rendered":"https:\/\/christusnews.de\/site\/ueberraschung-am-2-advent\/"},"modified":"2023-12-12T22:17:52","modified_gmt":"2023-12-12T21:17:52","slug":"ueberraschung-am-2-advent","status":"publish","type":"post","link":"https:\/\/christusnews.de\/site\/ueberraschung-am-2-advent\/","title":{"rendered":"\u00dcberraschung am 2. Advent"},"content":{"rendered":"<p>Die Evangelische Jugend Oldenburg (ejo) verbreitete am vergangenen Samstag, dem 9. Dezember, in den Schlossh\u00f6fen Oldenburg eine festliche Atmosph\u00e4re und \u00fcberraschte mit Gesang das gesch\u00e4ftige Treiben im Einkaufszentrum.&nbsp;<br \/>\n&nbsp; &nbsp;<br \/>\nEtwa 100 Menschen aus den verschiedensten Ecken der oldenburgischen Kirche versammelten sich am Samstag in der Lambertikirche, um sich unter der Leitung der Popkantorin Karola Schmelz-H\u00f6pfner gemeinsam einzusingen und sich auf den Flashmob vorzubereiten. Schon mit dem ersten Lied kam eine wundervolle vorweihnachtliche Stimmung auf und zog Besucher:innen vom Weihnachtsmarkt in die Kirche, die dann spontan mitgesungen haben.<br \/>\n&nbsp; &nbsp;<br \/>\nNach der Probe ging es r\u00fcber ins Zentrum der Schlossh\u00f6fe Oldenburg. Dort angekommen wurde das Klavier aufgebaut, die Teilnehmenden verteilten sich auf den beiden Etagen und die Vorfreude stieg. Gleich geht\u2019s los.<br \/>\n&nbsp; &nbsp;<br \/>\nSchon beim ersten Lied \u201eMacht hoch die T\u00fcr, die Tor macht weit\u201c blieben einige Menschen stehen und verweilten einen Augenblick inmitten des Trubels. Nach knapp 13 Minuten beendeten wir den Flashmob mit \u201eWe wish you a merry Christmas\u201c und stellten fest, dass es rundherum voll geworden ist mit Menschen, die eingestiegen sind in den weihnachtlichen Gesang.<br \/>\n&nbsp; &nbsp;<br \/>\nKurz danach kam noch eine \u00e4ltere Frau zu mir und meinte, dass sie den ganzen Tag nur noch genervt gewesen sei von dem ganzen Konsum und dass sich niemand mehr richtig in der Adventszeit besinne und zur Ruhe kommt. Der Flashmob der ejo brachte ihr Hoffnung und Freude. Es sei f\u00fcr sie ein richtiger \u201eG\u00e4nsehaut-Moment\u201c gewesen und das kann ich nur unterstreichen. Auch ich bin an diesem Nachmittag durch den gemeinsamen Gesang erst so richtig in der Adventszeit angekommen, getragen von dieser einzigartigen Gemeinschaft.<br \/>\n&nbsp; &nbsp;<br \/>\nOrganisiert wurde der Flashmob vom ehemaligen Vorstand der Evangelischen Jugend Oldenburg, welcher von 2021 bis Ende November 2023 im Amt gewesen ist. Seit dem 1. Dezember 2023 hat nun der von der Vollversammlung neu gew\u00e4hlte Vorstand \u00fcbernommen.<br \/>\n&nbsp; &nbsp;<br \/>\nWir bedanken uns recht herzlich f\u00fcr die Begleitung durch Popkantorin Karola Schmelz-H\u00f6pfner und f\u00fcr die Unterst\u00fctzung durch die Schlossh\u00f6fe Oldenburg. Und ein gro\u00dfer Dank geht nat\u00fcrlich auch an alle raus, die dabei gewesen sind und den Tag zu etwas ganz Besonderem gemacht haben!<br \/>\n&nbsp; &nbsp;<br \/>\n<em>Ein Beitrag von Chris Schellstede<\/em><br \/>\n&nbsp; &nbsp;<br \/>\nImpressionen des Flashmobs gibt unter: <a href=\"https:\/\/youtu.be\/cQsKx4dWqTg?si=9cMPPF_bO74o9Z6T\">https:\/\/youtu.be\/cQsKx4dWqTg?si=9cMPPF_bO74o9Z6T<\/a>&nbsp;<br \/>\nAlle Lieder inkl. Audiodatei sind unter: <a href=\"http:\/\/www.evangelische-jugend-oldenburg.de\/flashmob\/\">http:\/\/www.evangelische-jugend-oldenburg.de\/flashmob\/<\/a>&nbsp; zu finden.<\/p>\n<p>Kirche-Oldenburg<br \/>\n<a href=\"https:\/\/www.kirche-oldenburg.de\/\/aktuell\/pressemitteilungen\/artikel\/ueberraschung-am-2-advent\" target=\"_blank\" rel=\"noopener\">\u00dcberraschung am 2. Advent<\/a><\/p>\n","protected":false},"excerpt":{"rendered":"<p>Die Evangelische Jugend Oldenburg (ejo) verbreitete am vergangenen Samstag, dem 9. Dezember, in den Schlossh\u00f6fen Oldenburg eine festliche Atmosph\u00e4re und \u00fcberraschte mit Gesang das gesch\u00e4ftige Treiben im Einkaufszentrum.&nbsp; &nbsp; &nbsp; Etwa 100 Menschen aus den verschiedensten Ecken der oldenburgischen Kirche versammelten sich am Samstag in der Lambertikirche, um sich unter der Leitung der Popkantorin Karola Schmelz-H\u00f6pfner gemeinsam einzusingen und sich auf den Flashmob vorzubereiten. Schon mit dem ersten Lied kam eine wundervolle vorweihnachtliche Stimmung auf und zog Besucher:innen vom Weihnachtsmarkt in die Kirche, die dann spontan mitgesungen haben. &nbsp; &nbsp; Nach der Probe ging es r\u00fcber ins Zentrum der Schlossh\u00f6fe&#8230;<\/p>\n","protected":false},"author":7,"featured_media":0,"comment_status":"false","ping_status":"open","sticky":false,"template":"","format":"standard","meta":{"footnotes":""},"categories":[43],"tags":[44],"class_list":["post-25939","post","type-post","status-publish","format-standard","hentry","category-kirche-oldenburg","tag-kirche-oldenburg"],"_links":{"self":[{"href":"https:\/\/christusnews.de\/site\/wp-json\/wp\/v2\/posts\/25939","targetHints":{"allow":["GET"]}}],"collection":[{"href":"https:\/\/christusnews.de\/site\/wp-json\/wp\/v2\/posts"}],"about":[{"href":"https:\/\/christusnews.de\/site\/wp-json\/wp\/v2\/types\/post"}],"author":[{"embeddable":true,"href":"https:\/\/christusnews.de\/site\/wp-json\/wp\/v2\/users\/7"}],"replies":[{"embeddable":true,"href":"https:\/\/christusnews.de\/site\/wp-json\/wp\/v2\/comments?post=25939"}],"version-history":[{"count":1,"href":"https:\/\/christusnews.de\/site\/wp-json\/wp\/v2\/posts\/25939\/revisions"}],"predecessor-version":[{"id":25940,"href":"https:\/\/christusnews.de\/site\/wp-json\/wp\/v2\/posts\/25939\/revisions\/25940"}],"wp:attachment":[{"href":"https:\/\/christusnews.de\/site\/wp-json\/wp\/v2\/media?parent=25939"}],"wp:term":[{"taxonomy":"category","embeddable":true,"href":"https:\/\/christusnews.de\/site\/wp-json\/wp\/v2\/categories?post=25939"},{"taxonomy":"post_tag","embeddable":true,"href":"https:\/\/christusnews.de\/site\/wp-json\/wp\/v2\/tags?post=25939"}],"curies":[{"name":"wp","href":"https:\/\/api.w.org\/{rel}","templated":true}]}}