{"id":25947,"date":"2023-12-12T09:42:00","date_gmt":"2023-12-12T08:42:00","guid":{"rendered":"https:\/\/christusnews.de\/site\/evangelische-kirche-erinnert-an-politische-gefangene-in-belarus\/"},"modified":"2023-12-13T10:17:45","modified_gmt":"2023-12-13T09:17:45","slug":"evangelische-kirche-erinnert-an-politische-gefangene-in-belarus","status":"publish","type":"post","link":"https:\/\/christusnews.de\/site\/evangelische-kirche-erinnert-an-politische-gefangene-in-belarus\/","title":{"rendered":"Evangelische Kirche erinnert an politische Gefangene in Belarus"},"content":{"rendered":"<p class=\"MsoPlainText\">Hannover (epd). Die Evangelische Kirche in Deutschland (EKD) hat an das Schicksal von derzeit fast 1.500 politischen Gefangenen in Belarus erinnert. Das Kalk\u00fcl des belarussischen Regimes, die Inhaftierten aus dem Ged\u00e4chtnis der \u00d6ffentlichkeit zu tilgen, d\u00fcrfe nicht aufgehen, erkl\u00e4rte die EKD-Auslandsbisch\u00f6fin Petra Bosse-Huber am Dienstag in Hannover. Dazu hat die EKD unter dem Titel \u00abZekamerone\u00bb ein H\u00f6rbuch mit Beobachtungen des belarussischen B\u00fcrgerrechtlers Maxim Znak aus dem Gef\u00e4ngnis ver\u00f6ffentlicht. Sprecher ist der Schauspieler Bjarne M\u00e4del.<\/p>\n<p class=\"MsoPlainText\">&nbsp;<\/p>\n<p class=\"MsoPlainText\">Der 1982 geborene Znak z\u00e4hle zu den aktuell rund 1.500 politischen Gefangenen in Belarus, die alle unschuldig in Haft seien, nur weil sie sich f\u00fcr Freiheit, Demokratie und Menschenw\u00fcrde eingesetzt haben, erkl\u00e4rte Bosse-Huber. \u00abWie viele andere prominente Gefangene ist Znak in Isolationshaft. Seit Anfang des Jahres ist kein Lebenszeichen mehr von ihm nach au\u00dfen gedrungen. Niemand wei\u00df, wie es ihm geht &#8211; wir k\u00f6nnen nur hoffen und beten, dass er noch am Leben ist\u00bb, sagte die Theologin.<\/p>\n<p class=\"MsoPlainText\">&nbsp;<\/p>\n<p class=\"MsoPlainText\">\u00abDie Geschichten von Maxim Znak sind ein literarischer Akt des Widerstands. Znak schreibt nicht nur f\u00fcr uns, sondern vor allem um seiner selbst willen. Sein Schreiben ist Selbstverteidigung. Sein feiner Humor das letzte Mittel, seine W\u00fcrde in der hoffnungslosen Situation der Haft zu retten\u00bb, erkl\u00e4rte Bosse-Huber.<\/p>\n<p class=\"MsoPlainText\">&nbsp;<\/p>\n<p class=\"MsoPlainText\">Der Anwalt Maxim Znak wurde den Angaben zufolge im September 2020 verhaftet. Sein Zekamerone, eine Sammlung von einhundert Kurzgeschichten, habe er w\u00e4hrend des ersten Jahres in wechselnden Untersuchungsgef\u00e4ngnissen in ein Notizbuch geschrieben. Im September 2021 wurde er laut EKD wegen \u00abGr\u00fcndung einer Terrororganisation\u00bb zu zehn Jahren Strafkolonie verurteilt.<\/p>\n<p>Kirche-Oldenburg<br \/>\n<a href=\"https:\/\/www.kirche-oldenburg.de\/\/aktuell\/news-niedersachsen\/artikel\/evangelische-kirche-erinnert-an-politische-gefangene-in-belarus\" target=\"_blank\" rel=\"noopener\">Evangelische Kirche erinnert an politische Gefangene in Belarus<\/a><\/p>\n","protected":false},"excerpt":{"rendered":"<p>Hannover (epd). Die Evangelische Kirche in Deutschland (EKD) hat an das Schicksal von derzeit fast 1.500 politischen Gefangenen in Belarus erinnert. Das Kalk\u00fcl des belarussischen Regimes, die Inhaftierten aus dem Ged\u00e4chtnis der \u00d6ffentlichkeit zu tilgen, d\u00fcrfe nicht aufgehen, erkl\u00e4rte die EKD-Auslandsbisch\u00f6fin Petra Bosse-Huber am Dienstag in Hannover. Dazu hat die EKD unter dem Titel \u00abZekamerone\u00bb ein H\u00f6rbuch mit Beobachtungen des belarussischen B\u00fcrgerrechtlers Maxim Znak aus dem Gef\u00e4ngnis ver\u00f6ffentlicht. Sprecher ist der Schauspieler Bjarne M\u00e4del. &nbsp; Der 1982 geborene Znak z\u00e4hle zu den aktuell rund 1.500 politischen Gefangenen in Belarus, die alle unschuldig in Haft seien, nur weil sie sich f\u00fcr&#8230;<\/p>\n","protected":false},"author":7,"featured_media":0,"comment_status":"false","ping_status":"open","sticky":false,"template":"","format":"standard","meta":{"footnotes":""},"categories":[43],"tags":[44],"class_list":["post-25947","post","type-post","status-publish","format-standard","hentry","category-kirche-oldenburg","tag-kirche-oldenburg"],"_links":{"self":[{"href":"https:\/\/christusnews.de\/site\/wp-json\/wp\/v2\/posts\/25947","targetHints":{"allow":["GET"]}}],"collection":[{"href":"https:\/\/christusnews.de\/site\/wp-json\/wp\/v2\/posts"}],"about":[{"href":"https:\/\/christusnews.de\/site\/wp-json\/wp\/v2\/types\/post"}],"author":[{"embeddable":true,"href":"https:\/\/christusnews.de\/site\/wp-json\/wp\/v2\/users\/7"}],"replies":[{"embeddable":true,"href":"https:\/\/christusnews.de\/site\/wp-json\/wp\/v2\/comments?post=25947"}],"version-history":[{"count":1,"href":"https:\/\/christusnews.de\/site\/wp-json\/wp\/v2\/posts\/25947\/revisions"}],"predecessor-version":[{"id":25948,"href":"https:\/\/christusnews.de\/site\/wp-json\/wp\/v2\/posts\/25947\/revisions\/25948"}],"wp:attachment":[{"href":"https:\/\/christusnews.de\/site\/wp-json\/wp\/v2\/media?parent=25947"}],"wp:term":[{"taxonomy":"category","embeddable":true,"href":"https:\/\/christusnews.de\/site\/wp-json\/wp\/v2\/categories?post=25947"},{"taxonomy":"post_tag","embeddable":true,"href":"https:\/\/christusnews.de\/site\/wp-json\/wp\/v2\/tags?post=25947"}],"curies":[{"name":"wp","href":"https:\/\/api.w.org\/{rel}","templated":true}]}}