{"id":25949,"date":"2023-12-12T09:40:00","date_gmt":"2023-12-12T08:40:00","guid":{"rendered":"https:\/\/christusnews.de\/site\/verein-erstattet-anzeige-gegen-haehnchenmastanlage-wegen-tierquaelerei\/"},"modified":"2023-12-13T10:17:46","modified_gmt":"2023-12-13T09:17:46","slug":"verein-erstattet-anzeige-gegen-haehnchenmastanlage-wegen-tierquaelerei","status":"publish","type":"post","link":"https:\/\/christusnews.de\/site\/verein-erstattet-anzeige-gegen-haehnchenmastanlage-wegen-tierquaelerei\/","title":{"rendered":"Verein erstattet Anzeige gegen H\u00e4hnchenmastanlage wegen Tierqu\u00e4lerei"},"content":{"rendered":"<p class=\"MsoPlainText\">Cloppenburg\/Jena (epd). Tiersch\u00fctzer haben Strafanzeige gegen einen H\u00e4hnchenmastbetrieb in Jena wegen Tierqu\u00e4lerei und Verst\u00f6\u00dfen gegen Hygiene- und seuchenschutzrechtliche Vorschriften gestellt. Die Anzeige beruhe auf Undercover-Videoaufnahmen aus den Jahren 2019 und 2023, wie der Verein \u00abAninova\u00bb (vormals Tierschutzb\u00fcro) am Dienstag mitteilte. Ein daraus erstelltes Gutachten sei der Staatsanwaltschaft Gera \u00fcbermittelt worden. Diese best\u00e4tigte auf epd-Anfrage, dass die Anzeige eingegangen sei (AZ 754 UJs 17614\/23) und die Polizei Jena die Ermittlungen aufgenommen habe.<\/p>\n<p class=\"MsoPlainText\">&nbsp;<\/p>\n<p class=\"MsoPlainText\">Der Mastbetrieb z\u00e4hlt laut Aninova zu den gr\u00f6\u00dften in Deutschland und nehme an der Initiative Tierwohl teil. In 50 Hallen w\u00fcrden dort rund eine Million H\u00fchner gehalten und etwa zehn Millionen H\u00fchner pro Jahr gem\u00e4stet. Verkauft w\u00fcrden die H\u00e4hnchen vor allem unter dem Handelsnamen \u00abAstenhof\u00bb. Dieser geh\u00f6re zur Sprehe-Gruppe mit Sitz in Cloppenburg. Einer der Hauptabnehmer sei REWE.<\/p>\n<p class=\"MsoPlainText\">&nbsp;<\/p>\n<p class=\"MsoPlainText\">Die mit versteckter Kamera entstandenen Bilder zeigen den Angaben zufolge Hunderte von Gesetzesverst\u00f6\u00dfen, vor allem bei sogenannten Nott\u00f6tungen von Tieren. Dabei sollen kranke und verletzte Tiere von ihrem Leid erl\u00f6st werden. Laut der Vorschrift m\u00fcssten die H\u00fchner durch einen Schlag auf den Kopf bet\u00e4ubt werden, um ihnen anschlie\u00dfend, etwa mit einer Zange, das Genick zu brechen. In dem Betrieb sei jedoch das Leid der Tiere durch eine v\u00f6llig unsachgem\u00e4\u00dfe T\u00f6tung oftmals noch verl\u00e4ngert worden, sagte Jan Peifer, Vorstandsvorsitzender von Aninova.<\/p>\n<p class=\"MsoPlainText\">&nbsp;<\/p>\n<p class=\"MsoPlainText\">Die Videoaufnahmen zeigten, dass die Mitarbeitenden vors\u00e4tzlich und aus Bequemlichkeit handelten. Sie seien vor Kontrollen durch das Veterin\u00e4ramt oder die Initiative Tierwohl offenbar informiert worden, sagte Peifer. Zudem seien dem gesamten Tierbestand regelm\u00e4\u00dfig \u00fcber die Trinkwasseranlage Antibiotika verabreicht worden.<\/p>\n<p>Kirche-Oldenburg<br \/>\n<a href=\"https:\/\/www.kirche-oldenburg.de\/\/aktuell\/news-niedersachsen\/artikel\/verein-erstattet-anzeige-gegen-haehnchenmastanlage-wegen-tierquaelerei\" target=\"_blank\" rel=\"noopener\">Verein erstattet Anzeige gegen H\u00e4hnchenmastanlage wegen Tierqu\u00e4lerei<\/a><\/p>\n","protected":false},"excerpt":{"rendered":"<p>Cloppenburg\/Jena (epd). Tiersch\u00fctzer haben Strafanzeige gegen einen H\u00e4hnchenmastbetrieb in Jena wegen Tierqu\u00e4lerei und Verst\u00f6\u00dfen gegen Hygiene- und seuchenschutzrechtliche Vorschriften gestellt. Die Anzeige beruhe auf Undercover-Videoaufnahmen aus den Jahren 2019 und 2023, wie der Verein \u00abAninova\u00bb (vormals Tierschutzb\u00fcro) am Dienstag mitteilte. Ein daraus erstelltes Gutachten sei der Staatsanwaltschaft Gera \u00fcbermittelt worden. Diese best\u00e4tigte auf epd-Anfrage, dass die Anzeige eingegangen sei (AZ 754 UJs 17614\/23) und die Polizei Jena die Ermittlungen aufgenommen habe. &nbsp; Der Mastbetrieb z\u00e4hlt laut Aninova zu den gr\u00f6\u00dften in Deutschland und nehme an der Initiative Tierwohl teil. In 50 Hallen w\u00fcrden dort rund eine Million H\u00fchner gehalten und&#8230;<\/p>\n","protected":false},"author":7,"featured_media":0,"comment_status":"false","ping_status":"open","sticky":false,"template":"","format":"standard","meta":{"footnotes":""},"categories":[43],"tags":[44],"class_list":["post-25949","post","type-post","status-publish","format-standard","hentry","category-kirche-oldenburg","tag-kirche-oldenburg"],"_links":{"self":[{"href":"https:\/\/christusnews.de\/site\/wp-json\/wp\/v2\/posts\/25949","targetHints":{"allow":["GET"]}}],"collection":[{"href":"https:\/\/christusnews.de\/site\/wp-json\/wp\/v2\/posts"}],"about":[{"href":"https:\/\/christusnews.de\/site\/wp-json\/wp\/v2\/types\/post"}],"author":[{"embeddable":true,"href":"https:\/\/christusnews.de\/site\/wp-json\/wp\/v2\/users\/7"}],"replies":[{"embeddable":true,"href":"https:\/\/christusnews.de\/site\/wp-json\/wp\/v2\/comments?post=25949"}],"version-history":[{"count":1,"href":"https:\/\/christusnews.de\/site\/wp-json\/wp\/v2\/posts\/25949\/revisions"}],"predecessor-version":[{"id":25950,"href":"https:\/\/christusnews.de\/site\/wp-json\/wp\/v2\/posts\/25949\/revisions\/25950"}],"wp:attachment":[{"href":"https:\/\/christusnews.de\/site\/wp-json\/wp\/v2\/media?parent=25949"}],"wp:term":[{"taxonomy":"category","embeddable":true,"href":"https:\/\/christusnews.de\/site\/wp-json\/wp\/v2\/categories?post=25949"},{"taxonomy":"post_tag","embeddable":true,"href":"https:\/\/christusnews.de\/site\/wp-json\/wp\/v2\/tags?post=25949"}],"curies":[{"name":"wp","href":"https:\/\/api.w.org\/{rel}","templated":true}]}}