{"id":25957,"date":"2023-12-13T18:21:14","date_gmt":"2023-12-13T17:21:14","guid":{"rendered":"https:\/\/christusnews.de\/site\/am-samstag-den-16-12-gibt-der-popchor-the-twaeng-unter-der-leitung-von-chorleiterin-anna-rabea-pacheco-sein-jaehrliches-winterkonzert-in-der-christus-und-garnisonkirche-in-wilhelmshaven\/"},"modified":"2023-12-13T22:18:48","modified_gmt":"2023-12-13T21:18:48","slug":"am-samstag-den-16-12-gibt-der-popchor-the-twaeng-unter-der-leitung-von-chorleiterin-anna-rabea-pacheco-sein-jaehrliches-winterkonzert-in-der-christus-und-garnisonkirche-in-wilhelmshaven","status":"publish","type":"post","link":"https:\/\/christusnews.de\/site\/am-samstag-den-16-12-gibt-der-popchor-the-twaeng-unter-der-leitung-von-chorleiterin-anna-rabea-pacheco-sein-jaehrliches-winterkonzert-in-der-christus-und-garnisonkirche-in-wilhelmshaven\/","title":{"rendered":"Am Samstag, den 16.12. gibt der Popchor &quot;The Tw\u00c4ng&quot; unter der Leitung von Chorleiterin Anna-Rabea Pacheco sein j\u00e4hrliches Winterkonzert in der Christus- und Garnisonkirche in Wilhelmshaven. Die rund 22 S\u00e4ngerInnen m\u00f6chten mit \u00fcberwiegend englischen Weihnachtssongs auf die Festtage einstimmen. Mit dabei Klassiker wie &quot;White Christmas&quot;, &quot;The Christmas Song&quot; und &quot;I&#039;ll be home for Christmas&quot;. Begleitet wird der Chor von Jorge Luis Pacheco (Piano) und Malte Bischof (Drums). Das Konzert beginnt um 19.00 Uhr, der Einlass startet um 18.30 Uhr. Tickets (5\u20ac) erh\u00e4ltlich in der Buchhandlung Prien oder an der Abendkasse, dabei sind Kinder bis 12J. frei."},"content":{"rendered":"<p>Am Samstag, den 16.12. gibt der Popchor &#8220;The Tw\u00c4ng&#8221; unter der Leitung von Chorleiterin Anna-Rabea Pacheco sein j\u00e4hrliches Winterkonzert in der Christus- und Garnisonkirche in Wilhelmshaven. Die rund 22 S\u00e4ngerInnen m\u00f6chten mit \u00fcberwiegend englischen Weihnachtssongs auf die Festtage einstimmen. Mit dabei Klassiker wie &#8220;White Christmas&#8221;, &#8220;The Christmas Song&#8221; und &#8220;I&#8217;ll be home for Christmas&#8221;. Begleitet wird der Chor von Jorge Luis Pacheco (Piano) und Malte Bischof (Drums). Das Konzert beginnt um 19.00 Uhr, der Einlass startet um 18.30 Uhr. Tickets (5\u20ac) erh\u00e4ltlich in der Buchhandlung Prien oder an der Abendkasse, dabei sind Kinder bis 12J. frei.<br \/>\nHAVENKIRCHE@FB<br \/>\n<a href=\"https:\/\/www.facebook.com\/396185572708352\/posts\/666176012375972\" target=\"_blank\" rel=\"noopener\">Am Samstag, den 16.12. gibt der Popchor &quot;The Tw\u00c4ng&quot; unter der Leitung von Chorleiterin Anna-Rabea Pacheco sein j\u00e4hrliches Winterkonzert in der Christus- und Garnisonkirche in Wilhelmshaven. Die rund 22 S\u00e4ngerInnen m\u00f6chten mit \u00fcberwiegend englischen Weihnachtssongs auf die Festtage einstimmen. Mit dabei Klassiker wie &quot;White Christmas&quot;, &quot;The Christmas Song&quot; und &quot;I&#039;ll be home for Christmas&quot;. Begleitet wird der Chor von Jorge Luis Pacheco (Piano) und Malte Bischof (Drums). Das Konzert beginnt um 19.00 Uhr, der Einlass startet um 18.30 Uhr. Tickets (5\u20ac) erh\u00e4ltlich in der Buchhandlung Prien oder an der Abendkasse, dabei sind Kinder bis 12J. frei.<\/a><\/p>\n","protected":false},"excerpt":{"rendered":"<p>Am Samstag, den 16.12. gibt der Popchor &#8220;The Tw\u00c4ng&#8221; unter der Leitung von Chorleiterin Anna-Rabea Pacheco sein j\u00e4hrliches Winterkonzert in der Christus- und Garnisonkirche in Wilhelmshaven. Die rund 22 S\u00e4ngerInnen m\u00f6chten mit \u00fcberwiegend englischen Weihnachtssongs auf die Festtage einstimmen. Mit dabei Klassiker wie &#8220;White Christmas&#8221;, &#8220;The Christmas Song&#8221; und &#8220;I&#8217;ll be home for Christmas&#8221;. Begleitet wird der Chor von Jorge Luis Pacheco (Piano) und Malte Bischof (Drums). Das Konzert beginnt um 19.00 Uhr, der Einlass startet um 18.30 Uhr. Tickets (5\u20ac) erh\u00e4ltlich in der Buchhandlung Prien oder an der Abendkasse, dabei sind Kinder bis 12J. frei. HAVENKIRCHE@FB Am Samstag, den&#8230;<\/p>\n","protected":false},"author":6,"featured_media":0,"comment_status":"false","ping_status":"open","sticky":false,"template":"","format":"standard","meta":{"footnotes":""},"categories":[75],"tags":[76],"class_list":["post-25957","post","type-post","status-publish","format-standard","hentry","category-havenkirche","tag-havenkirche"],"_links":{"self":[{"href":"https:\/\/christusnews.de\/site\/wp-json\/wp\/v2\/posts\/25957","targetHints":{"allow":["GET"]}}],"collection":[{"href":"https:\/\/christusnews.de\/site\/wp-json\/wp\/v2\/posts"}],"about":[{"href":"https:\/\/christusnews.de\/site\/wp-json\/wp\/v2\/types\/post"}],"author":[{"embeddable":true,"href":"https:\/\/christusnews.de\/site\/wp-json\/wp\/v2\/users\/6"}],"replies":[{"embeddable":true,"href":"https:\/\/christusnews.de\/site\/wp-json\/wp\/v2\/comments?post=25957"}],"version-history":[{"count":1,"href":"https:\/\/christusnews.de\/site\/wp-json\/wp\/v2\/posts\/25957\/revisions"}],"predecessor-version":[{"id":25958,"href":"https:\/\/christusnews.de\/site\/wp-json\/wp\/v2\/posts\/25957\/revisions\/25958"}],"wp:attachment":[{"href":"https:\/\/christusnews.de\/site\/wp-json\/wp\/v2\/media?parent=25957"}],"wp:term":[{"taxonomy":"category","embeddable":true,"href":"https:\/\/christusnews.de\/site\/wp-json\/wp\/v2\/categories?post=25957"},{"taxonomy":"post_tag","embeddable":true,"href":"https:\/\/christusnews.de\/site\/wp-json\/wp\/v2\/tags?post=25957"}],"curies":[{"name":"wp","href":"https:\/\/api.w.org\/{rel}","templated":true}]}}