{"id":25961,"date":"2023-12-13T10:42:00","date_gmt":"2023-12-13T09:42:00","guid":{"rendered":"https:\/\/christusnews.de\/site\/klimaschuetzer-bespruehen-oldenburger-weihnachtsbaum-mit-oranger-farbe-buergermeister-aktion-gefaehrdet-gesellschaftlichen-konsens-fuers-klima\/"},"modified":"2023-12-14T22:17:52","modified_gmt":"2023-12-14T21:17:52","slug":"klimaschuetzer-bespruehen-oldenburger-weihnachtsbaum-mit-oranger-farbe-buergermeister-aktion-gefaehrdet-gesellschaftlichen-konsens-fuers-klima","status":"publish","type":"post","link":"https:\/\/christusnews.de\/site\/klimaschuetzer-bespruehen-oldenburger-weihnachtsbaum-mit-oranger-farbe-buergermeister-aktion-gefaehrdet-gesellschaftlichen-konsens-fuers-klima\/","title":{"rendered":"Klimasch\u00fctzer bespr\u00fchen Oldenburger Weihnachtsbaum mit oranger Farbe  &#8211; B\u00fcrgermeister: Aktion gef\u00e4hrdet gesellschaftlichen Konsens f\u00fcrs Klima"},"content":{"rendered":"<p class=\"MsoPlainText\">Oldenburg (epd). Der Oldenburger Oberb\u00fcrgermeister J\u00fcrgen Krogmann hat mit Unverst\u00e4ndnis auf eine Farbattacke der sogenannten \u00abLetzten Generation\u00bb auf einen Weihnachtsbaum in der Innenstadt reagiert. \u00abSolche Aktionen sind unsinnig, weil sie den gesellschaftlichen Grundkonsens, dass mehr f\u00fcr Klimaschutz getan werden muss, aush\u00f6hlen\u00bb, betonte der SPD-Politiker. Mehrere Mitglieder der Gruppe hatten am Mittwochmorgen die zehn Meter hohe Tanne mit oranger Farbe aus Feuerl\u00f6schern bespr\u00fcht. Herbeigerufene Polizisten hatten vor Ort eine 24-j\u00e4hrige Aktivistin angetroffen, die ein Plakat auf dem Boden ausgebreitet hatte. Gegen sie sei ein Strafverfahren wegen Sachbesch\u00e4digung eingeleitet worden.<\/p>\n<p class=\"MsoPlainText\">&nbsp;<\/p>\n<p class=\"MsoPlainText\">Neben dem Baum sei die angebrachte Lichterkette und das Pflaster ebenfalls in Mitleidenschaft gezogen worden. Laut der Stadtverwaltung wurde eine Spezialfirma damit beauftragt, das Stra\u00dfenpflaster zu reinigen und die Farbe auf dem Baum zu beseitigen. So solle verhindert werden, dass die Fl\u00fcssigkeit in die Abl\u00e4ufe gesp\u00fclt wird. Die Kosten w\u00fcrden der Verursacherin in Rechnung gestellt.<\/p>\n<p class=\"MsoPlainText\">&nbsp;<\/p>\n<p class=\"MsoPlainText\">Auch inhaltlich k\u00f6nne die Stadtverwaltung diese Form des \u00f6ffentlichen Protests nicht nachvollziehen, hie\u00df es. Oldenburg sei in Sachen Klimaschutz mit zahlreichen Initiativen, die auf lokaler Ebene beeinflusst werden k\u00f6nnten und Wirkung erzielten, auf einem guten Weg. Seit Herbst 2019 gebe es in zahlreichen Treffen und Workshops einen Dialog mit Vertreterinnen und Vertretern der Klimaschutzbewegung \u00abFridays for Future\u00bb. Daraus seien eine Reihe von Ratsbeschl\u00fcssen und zuletzt ein Klimaschutzplan entstanden, demzufolge die Stadt bis 2035 klimaneutral sein soll. Um den Dialog aufrechtzuerhalten, habe die Stadtverwaltung ebenfalls die \u00abLetzte Generation Oldenburg\u00bb im Fr\u00fchjahr zur Teilnahme an einem Netzwerk-Treffen eingeladen.<\/p>\n<p>Kirche-Oldenburg<br \/>\n<a href=\"https:\/\/www.kirche-oldenburg.de\/\/aktuell\/news-niedersachsen\/artikel\/klimaschuetzer-bespruehen-oldenburger-weihnachtsbaum-mit-oranger-farbe-buergermeister-aktion-gefaehrdet-gesellschaftlichen-konsens-fuers-klima\" target=\"_blank\" rel=\"noopener\">Klimasch\u00fctzer bespr\u00fchen Oldenburger Weihnachtsbaum mit oranger Farbe  &#8211; B\u00fcrgermeister: Aktion gef\u00e4hrdet gesellschaftlichen Konsens f\u00fcrs Klima<\/a><\/p>\n","protected":false},"excerpt":{"rendered":"<p>Oldenburg (epd). Der Oldenburger Oberb\u00fcrgermeister J\u00fcrgen Krogmann hat mit Unverst\u00e4ndnis auf eine Farbattacke der sogenannten \u00abLetzten Generation\u00bb auf einen Weihnachtsbaum in der Innenstadt reagiert. \u00abSolche Aktionen sind unsinnig, weil sie den gesellschaftlichen Grundkonsens, dass mehr f\u00fcr Klimaschutz getan werden muss, aush\u00f6hlen\u00bb, betonte der SPD-Politiker. Mehrere Mitglieder der Gruppe hatten am Mittwochmorgen die zehn Meter hohe Tanne mit oranger Farbe aus Feuerl\u00f6schern bespr\u00fcht. Herbeigerufene Polizisten hatten vor Ort eine 24-j\u00e4hrige Aktivistin angetroffen, die ein Plakat auf dem Boden ausgebreitet hatte. Gegen sie sei ein Strafverfahren wegen Sachbesch\u00e4digung eingeleitet worden. &nbsp; Neben dem Baum sei die angebrachte Lichterkette und das Pflaster ebenfalls&#8230;<\/p>\n","protected":false},"author":7,"featured_media":0,"comment_status":"false","ping_status":"open","sticky":false,"template":"","format":"standard","meta":{"footnotes":""},"categories":[43],"tags":[44],"class_list":["post-25961","post","type-post","status-publish","format-standard","hentry","category-kirche-oldenburg","tag-kirche-oldenburg"],"_links":{"self":[{"href":"https:\/\/christusnews.de\/site\/wp-json\/wp\/v2\/posts\/25961","targetHints":{"allow":["GET"]}}],"collection":[{"href":"https:\/\/christusnews.de\/site\/wp-json\/wp\/v2\/posts"}],"about":[{"href":"https:\/\/christusnews.de\/site\/wp-json\/wp\/v2\/types\/post"}],"author":[{"embeddable":true,"href":"https:\/\/christusnews.de\/site\/wp-json\/wp\/v2\/users\/7"}],"replies":[{"embeddable":true,"href":"https:\/\/christusnews.de\/site\/wp-json\/wp\/v2\/comments?post=25961"}],"version-history":[{"count":1,"href":"https:\/\/christusnews.de\/site\/wp-json\/wp\/v2\/posts\/25961\/revisions"}],"predecessor-version":[{"id":25962,"href":"https:\/\/christusnews.de\/site\/wp-json\/wp\/v2\/posts\/25961\/revisions\/25962"}],"wp:attachment":[{"href":"https:\/\/christusnews.de\/site\/wp-json\/wp\/v2\/media?parent=25961"}],"wp:term":[{"taxonomy":"category","embeddable":true,"href":"https:\/\/christusnews.de\/site\/wp-json\/wp\/v2\/categories?post=25961"},{"taxonomy":"post_tag","embeddable":true,"href":"https:\/\/christusnews.de\/site\/wp-json\/wp\/v2\/tags?post=25961"}],"curies":[{"name":"wp","href":"https:\/\/api.w.org\/{rel}","templated":true}]}}