{"id":25967,"date":"2023-12-14T09:00:00","date_gmt":"2023-12-14T08:00:00","guid":{"rendered":"https:\/\/christusnews.de\/site\/preise-fuer-weihnachtsbaeume-aus-der-region-leicht-gestiegen\/"},"modified":"2023-12-15T10:17:41","modified_gmt":"2023-12-15T09:17:41","slug":"preise-fuer-weihnachtsbaeume-aus-der-region-leicht-gestiegen","status":"publish","type":"post","link":"https:\/\/christusnews.de\/site\/preise-fuer-weihnachtsbaeume-aus-der-region-leicht-gestiegen\/","title":{"rendered":"Preise f\u00fcr Weihnachtsb\u00e4ume aus der Region leicht gestiegen"},"content":{"rendered":"<p class=\"MsoPlainText\">Hannover (epd). Liebhaber von Weihnachtsb\u00e4umen m\u00fcssen in diesem Jahr etwas tiefer in die Tasche greifen als zuvor. Bei Tannenb\u00e4umen aus Nordwestdeutschland h\u00e4tten die Preise im Endverkauf um etwa zwei bis vier Euro pro Meter angezogen, sagte Bernd Oelkers vom Verband der Weihnachtsbaum- und Schnittgr\u00fcnerzeuger in Niedersachsen, Hamburg und Bremen am Donnerstag in Hannover. Der Anstieg sei berechtigt, da die Preise zuletzt kaum erh\u00f6ht worden seien: \u00abDas ist Licht am Horizont der Erzeuger.\u00bb Mit den Lockangeboten der Baum\u00e4rkte k\u00f6nnten die regionalen Anbieter nicht mithalten.<\/p>\n<p class=\"MsoPlainText\">&nbsp;<\/p>\n<p class=\"MsoPlainText\">F\u00fcr ihr Geld bek\u00e4men die Kunden in diesem Jahr allerdings besonders sch\u00f6ne B\u00e4ume, erl\u00e4uterte Oelkers nach Angaben des Landvolks Niedersachsen. \u00abDie B\u00e4ume sehen richtig gut aus, weil der Regen genau zur richtigen Zeit kam, als die Nadeln ausgebildet wurden.\u00bb Von Sp\u00e4tfrostsch\u00e4den seien die Anbieter aus Niedersachsen verschont geblieben. Trotzdem mache ihnen der Druck aus dem Ausland zu schaffen. Etwa zehn Prozent der Landwirte, die Tannenb\u00e4ume anbauen, h\u00e4tten ihre Plantagen in den vergangenen drei Jahren aufgegeben.<\/p>\n<p class=\"MsoPlainText\">&nbsp;<\/p>\n<p class=\"MsoPlainText\">\u00abAngebot und Nachfrage drehen sich derzeit\u00bb, sagte Oelkers. \u00abEs bekommt zwar noch jeder einen Baum, es wird aber zum Ende hin und vor allem in den kommenden Jahren knapp.\u00bb Der Landwirt pl\u00e4dierte daf\u00fcr, aus Umweltgr\u00fcnden einen regional erzeugten Baum auszuw\u00e4hlen. In den etwa zehn Jahren, in denen ein Weihnachtsbaum auf dem Feld stehe, produziere eine Tannenbaumkultur auf 10.000 Quadratmetern rund 150 Tonnen Sauerstoff. Zudem k\u00f6nne das eigenh\u00e4ndige Abs\u00e4gen eines Tannenbaums in der Region f\u00fcr die ganze Familie zu einem besonderen Weihnachtserlebnis werden.<\/p>\n<p>Kirche-Oldenburg<br \/>\n<a href=\"https:\/\/www.kirche-oldenburg.de\/\/aktuell\/news-niedersachsen\/artikel\/preise-fuer-weihnachtsbaeume-aus-der-region-leicht-gestiegen\" target=\"_blank\" rel=\"noopener\">Preise f\u00fcr Weihnachtsb\u00e4ume aus der Region leicht gestiegen<\/a><\/p>\n","protected":false},"excerpt":{"rendered":"<p>Hannover (epd). Liebhaber von Weihnachtsb\u00e4umen m\u00fcssen in diesem Jahr etwas tiefer in die Tasche greifen als zuvor. Bei Tannenb\u00e4umen aus Nordwestdeutschland h\u00e4tten die Preise im Endverkauf um etwa zwei bis vier Euro pro Meter angezogen, sagte Bernd Oelkers vom Verband der Weihnachtsbaum- und Schnittgr\u00fcnerzeuger in Niedersachsen, Hamburg und Bremen am Donnerstag in Hannover. Der Anstieg sei berechtigt, da die Preise zuletzt kaum erh\u00f6ht worden seien: \u00abDas ist Licht am Horizont der Erzeuger.\u00bb Mit den Lockangeboten der Baum\u00e4rkte k\u00f6nnten die regionalen Anbieter nicht mithalten. &nbsp; F\u00fcr ihr Geld bek\u00e4men die Kunden in diesem Jahr allerdings besonders sch\u00f6ne B\u00e4ume, erl\u00e4uterte Oelkers nach&#8230;<\/p>\n","protected":false},"author":7,"featured_media":0,"comment_status":"false","ping_status":"open","sticky":false,"template":"","format":"standard","meta":{"footnotes":""},"categories":[43],"tags":[44],"class_list":["post-25967","post","type-post","status-publish","format-standard","hentry","category-kirche-oldenburg","tag-kirche-oldenburg"],"_links":{"self":[{"href":"https:\/\/christusnews.de\/site\/wp-json\/wp\/v2\/posts\/25967","targetHints":{"allow":["GET"]}}],"collection":[{"href":"https:\/\/christusnews.de\/site\/wp-json\/wp\/v2\/posts"}],"about":[{"href":"https:\/\/christusnews.de\/site\/wp-json\/wp\/v2\/types\/post"}],"author":[{"embeddable":true,"href":"https:\/\/christusnews.de\/site\/wp-json\/wp\/v2\/users\/7"}],"replies":[{"embeddable":true,"href":"https:\/\/christusnews.de\/site\/wp-json\/wp\/v2\/comments?post=25967"}],"version-history":[{"count":1,"href":"https:\/\/christusnews.de\/site\/wp-json\/wp\/v2\/posts\/25967\/revisions"}],"predecessor-version":[{"id":25968,"href":"https:\/\/christusnews.de\/site\/wp-json\/wp\/v2\/posts\/25967\/revisions\/25968"}],"wp:attachment":[{"href":"https:\/\/christusnews.de\/site\/wp-json\/wp\/v2\/media?parent=25967"}],"wp:term":[{"taxonomy":"category","embeddable":true,"href":"https:\/\/christusnews.de\/site\/wp-json\/wp\/v2\/categories?post=25967"},{"taxonomy":"post_tag","embeddable":true,"href":"https:\/\/christusnews.de\/site\/wp-json\/wp\/v2\/tags?post=25967"}],"curies":[{"name":"wp","href":"https:\/\/api.w.org\/{rel}","templated":true}]}}