{"id":25979,"date":"2023-12-15T17:38:00","date_gmt":"2023-12-15T16:38:00","guid":{"rendered":"https:\/\/christusnews.de\/site\/wetterextreme-machen-niedersachsens-waeldern-weiter-zu-schaffen\/"},"modified":"2023-12-18T22:17:33","modified_gmt":"2023-12-18T21:17:33","slug":"wetterextreme-machen-niedersachsens-waeldern-weiter-zu-schaffen","status":"publish","type":"post","link":"https:\/\/christusnews.de\/site\/wetterextreme-machen-niedersachsens-waeldern-weiter-zu-schaffen\/","title":{"rendered":"Wetterextreme machen Niedersachsens W\u00e4ldern weiter zu schaffen"},"content":{"rendered":"<p class=\"MsoPlainText\">Hannover (epd). Der neueste Waldzustandsbericht zeigt weiterhin deutliche Einfl\u00fcsse von mehrj\u00e4hrigen Wetterextremen auf die W\u00e4lder in Niedersachsen. Eine weitere Verschlechterung der Lage sei aber durch die g\u00fcnstige Witterung des Jahres 2023 zumindest verhindert worden, teilte das Landwirtschaftsministerium am Freitag in Hannover mit. Das vergangene Vegetationsjahr sei zwar sehr warm gewesen, jedoch habe es gleichzeitig ausreichende Niederschl\u00e4ge gegeben. Die Nordwestdeutsche Forstliche Versuchsanstalt mit Sitz in G\u00f6ttingen und Hann. M\u00fcnden hatte den Waldbericht erarbeitet.<\/p>\n<p class=\"MsoPlainText\">&nbsp;<\/p>\n<p class=\"MsoPlainText\">\u00abDie Ergebnisse der Waldzustandserhebung verdeutlichen den besorgniserregenden Gesundheitszustand der W\u00e4lder\u00bb, sagte Forstministerin Miriam Staudte (Gr\u00fcne). Die angespannte Lage der Waldb\u00e4ume spiegele sich in den mittel- und langfristigen Durchschnittswerten f\u00fcr die Kronenverlichtung, f\u00fcr den Anteil starker Sch\u00e4den und f\u00fcr die Absterberate wider, erl\u00e4uterte die Ministerin.<\/p>\n<p class=\"MsoPlainText\">&nbsp;<\/p>\n<p class=\"MsoPlainText\">Mit 21 Prozent bleibt die Kronenverlichtung dem Bericht zufolge auf dem hohen Niveau der letzten Jahre. Der Anteil stark gesch\u00e4digter B\u00e4ume liegt 2023 mit 4,1 Prozent weiterhin mehr als doppelt so hoch wie im langj\u00e4hrigen Mittel. Die Absterberate hat sich gegen\u00fcber dem Vorjahr um 0,5 Prozentpunkte auf 0,3 Prozent verringert und liegt damit wieder fast auf dem Niveau des Mittelwertes von 1984 bis 2023. Regional gab es ein vermehrtes Auftreten von Forstsch\u00e4dlingen wie dem Prachtk\u00e4fer oder der Kleinen Dunklen Kiefernbuschhornblattwespe.<\/p>\n<p class=\"MsoPlainText\">&nbsp;<\/p>\n<p class=\"MsoPlainText\">Um die Auswirkungen der Klimakrise auf den Wald systematisch aufzuarbeiten, sei im Landwirtschaftsministerium eine Koordinierungsgruppe von Fachleuten eingerichtet worden, sagte Staudte. \u00abUnser Ziel ist es, die Klimaanpassung unserer W\u00e4lder zu beschleunigen, um damit die Waldfunktionen zu sichern und die \u00d6kosystemleistungen zu steigern.\u00bb<\/p>\n<p>Kirche-Oldenburg<br \/>\n<a href=\"https:\/\/www.kirche-oldenburg.de\/\/aktuell\/news-niedersachsen\/artikel\/wetterextreme-machen-niedersachsens-waeldern-weiter-zu-schaffen\" target=\"_blank\" rel=\"noopener\">Wetterextreme machen Niedersachsens W\u00e4ldern weiter zu schaffen<\/a><\/p>\n","protected":false},"excerpt":{"rendered":"<p>Hannover (epd). Der neueste Waldzustandsbericht zeigt weiterhin deutliche Einfl\u00fcsse von mehrj\u00e4hrigen Wetterextremen auf die W\u00e4lder in Niedersachsen. Eine weitere Verschlechterung der Lage sei aber durch die g\u00fcnstige Witterung des Jahres 2023 zumindest verhindert worden, teilte das Landwirtschaftsministerium am Freitag in Hannover mit. Das vergangene Vegetationsjahr sei zwar sehr warm gewesen, jedoch habe es gleichzeitig ausreichende Niederschl\u00e4ge gegeben. Die Nordwestdeutsche Forstliche Versuchsanstalt mit Sitz in G\u00f6ttingen und Hann. M\u00fcnden hatte den Waldbericht erarbeitet. &nbsp; \u00abDie Ergebnisse der Waldzustandserhebung verdeutlichen den besorgniserregenden Gesundheitszustand der W\u00e4lder\u00bb, sagte Forstministerin Miriam Staudte (Gr\u00fcne). Die angespannte Lage der Waldb\u00e4ume spiegele sich in den mittel- und langfristigen&#8230;<\/p>\n","protected":false},"author":7,"featured_media":0,"comment_status":"false","ping_status":"open","sticky":false,"template":"","format":"standard","meta":{"footnotes":""},"categories":[43],"tags":[44],"class_list":["post-25979","post","type-post","status-publish","format-standard","hentry","category-kirche-oldenburg","tag-kirche-oldenburg"],"_links":{"self":[{"href":"https:\/\/christusnews.de\/site\/wp-json\/wp\/v2\/posts\/25979","targetHints":{"allow":["GET"]}}],"collection":[{"href":"https:\/\/christusnews.de\/site\/wp-json\/wp\/v2\/posts"}],"about":[{"href":"https:\/\/christusnews.de\/site\/wp-json\/wp\/v2\/types\/post"}],"author":[{"embeddable":true,"href":"https:\/\/christusnews.de\/site\/wp-json\/wp\/v2\/users\/7"}],"replies":[{"embeddable":true,"href":"https:\/\/christusnews.de\/site\/wp-json\/wp\/v2\/comments?post=25979"}],"version-history":[{"count":1,"href":"https:\/\/christusnews.de\/site\/wp-json\/wp\/v2\/posts\/25979\/revisions"}],"predecessor-version":[{"id":25980,"href":"https:\/\/christusnews.de\/site\/wp-json\/wp\/v2\/posts\/25979\/revisions\/25980"}],"wp:attachment":[{"href":"https:\/\/christusnews.de\/site\/wp-json\/wp\/v2\/media?parent=25979"}],"wp:term":[{"taxonomy":"category","embeddable":true,"href":"https:\/\/christusnews.de\/site\/wp-json\/wp\/v2\/categories?post=25979"},{"taxonomy":"post_tag","embeddable":true,"href":"https:\/\/christusnews.de\/site\/wp-json\/wp\/v2\/tags?post=25979"}],"curies":[{"name":"wp","href":"https:\/\/api.w.org\/{rel}","templated":true}]}}