{"id":25985,"date":"2023-12-18T07:39:00","date_gmt":"2023-12-18T06:39:00","guid":{"rendered":"https:\/\/christusnews.de\/site\/sorge-scham-und-geldsorgen-belasten-angehoerige-von-straftaetern\/"},"modified":"2023-12-19T10:19:09","modified_gmt":"2023-12-19T09:19:09","slug":"sorge-scham-und-geldsorgen-belasten-angehoerige-von-straftaetern","status":"publish","type":"post","link":"https:\/\/christusnews.de\/site\/sorge-scham-und-geldsorgen-belasten-angehoerige-von-straftaetern\/","title":{"rendered":"Sorge, Scham und Geldsorgen belasten Angeh\u00f6rige von Straft\u00e4tern"},"content":{"rendered":"<p class=\"MsoPlainText\">Oldenburg\/Uelzen (epd). Die N\u00f6te der Angeh\u00f6rigen von Straft\u00e4tern werden nach Ansicht der Sozialp\u00e4dagogin Gabriela Bosche zu wenig wahrgenommen. Der Blick der \u00d6ffentlichkeit sei meist auf den T\u00e4ter und die Tat gerichtet, sagte die Beraterin der Anlaufstelle f\u00fcr Straff\u00e4llige der Diakonie Oldenburg im Gespr\u00e4ch mit dem Evangelischen Pressedienst (epd). \u00abDie Angeh\u00f6rigen geraten wie auch die Opfer von Verbrechen leider oft aus dem Blick.\u00bb Die Angeh\u00f6rigen st\u00fcnden zwar nicht vor Gericht und w\u00fcrden nicht wegen der Taten verurteilt, weil sie ja nichts damit zu tun h\u00e4tten. \u00abAber dennoch m\u00fcssen sie mit den Folgen leben.\u00bb<\/p>\n<p class=\"MsoPlainText\">&nbsp;<\/p>\n<p class=\"MsoPlainText\">Betroffen seien in der Regel Frauen, erl\u00e4uterte Bosche, die auch die Familien ber\u00e4t. \u00abDiejenigen, die unsere Hilfe suchen, trifft die Inhaftierung des Partners oder Sohnes oft aus heiterem Himmel. Sie konnten sich gar nicht darauf vorbereiten, dass er in Haft kommt.\u00bb Die Angeh\u00f6rigen h\u00e4tten oft finanzielle Sorgen, bei denen es aber Hilfe geben k\u00f6nne. \u00abJe fr\u00fcher Angeh\u00f6rige von einer bevorstehenden Haft erfahren, umso besser k\u00f6nnen sie sich vorbereiten\u00bb, sagte Bosche. \u00abSie wissen dann schon, dass der Verdienst des Mannes wegf\u00e4llt. Dann k\u00f6nnen sie zum Beispiel fr\u00fchzeitig finanzielle Hilfen wie B\u00fcrgergeld beantragen.\u00bb<\/p>\n<p class=\"MsoPlainText\">&nbsp;<\/p>\n<p class=\"MsoPlainText\">Noch belastender sei aber oft die emotionale Lage der Frauen, betonte die Beraterin. \u00abSie haben Sorge um den Partner und die Situation ihrer Kinder. Scham spielt eine gro\u00dfe Rolle.\u00bb Zum Teil verheimlichten die Frauen dann, wo sich der Mann tats\u00e4chlich aufhalte, auch aus Angst vor Stigmatisierung und um ihre Kinder zu sch\u00fctzen. \u00abSie haben selbst kein Unrecht begangen und m\u00fcssen sich f\u00fcr die Tat eines anderen erkl\u00e4ren. Dem versuchen viele aus dem Weg zu gehen.\u00bb<\/p>\n<p>Kirche-Oldenburg<br \/>\n<a href=\"https:\/\/www.kirche-oldenburg.de\/\/aktuell\/news-niedersachsen\/artikel\/sorge-scham-und-geldsorgen-belasten-angehoerige-von-straftaetern\" target=\"_blank\" rel=\"noopener\">Sorge, Scham und Geldsorgen belasten Angeh\u00f6rige von Straft\u00e4tern<\/a><\/p>\n","protected":false},"excerpt":{"rendered":"<p>Oldenburg\/Uelzen (epd). Die N\u00f6te der Angeh\u00f6rigen von Straft\u00e4tern werden nach Ansicht der Sozialp\u00e4dagogin Gabriela Bosche zu wenig wahrgenommen. Der Blick der \u00d6ffentlichkeit sei meist auf den T\u00e4ter und die Tat gerichtet, sagte die Beraterin der Anlaufstelle f\u00fcr Straff\u00e4llige der Diakonie Oldenburg im Gespr\u00e4ch mit dem Evangelischen Pressedienst (epd). \u00abDie Angeh\u00f6rigen geraten wie auch die Opfer von Verbrechen leider oft aus dem Blick.\u00bb Die Angeh\u00f6rigen st\u00fcnden zwar nicht vor Gericht und w\u00fcrden nicht wegen der Taten verurteilt, weil sie ja nichts damit zu tun h\u00e4tten. \u00abAber dennoch m\u00fcssen sie mit den Folgen leben.\u00bb &nbsp; Betroffen seien in der Regel Frauen, erl\u00e4uterte&#8230;<\/p>\n","protected":false},"author":7,"featured_media":0,"comment_status":"false","ping_status":"open","sticky":false,"template":"","format":"standard","meta":{"footnotes":""},"categories":[43],"tags":[44],"class_list":["post-25985","post","type-post","status-publish","format-standard","hentry","category-kirche-oldenburg","tag-kirche-oldenburg"],"_links":{"self":[{"href":"https:\/\/christusnews.de\/site\/wp-json\/wp\/v2\/posts\/25985","targetHints":{"allow":["GET"]}}],"collection":[{"href":"https:\/\/christusnews.de\/site\/wp-json\/wp\/v2\/posts"}],"about":[{"href":"https:\/\/christusnews.de\/site\/wp-json\/wp\/v2\/types\/post"}],"author":[{"embeddable":true,"href":"https:\/\/christusnews.de\/site\/wp-json\/wp\/v2\/users\/7"}],"replies":[{"embeddable":true,"href":"https:\/\/christusnews.de\/site\/wp-json\/wp\/v2\/comments?post=25985"}],"version-history":[{"count":1,"href":"https:\/\/christusnews.de\/site\/wp-json\/wp\/v2\/posts\/25985\/revisions"}],"predecessor-version":[{"id":25986,"href":"https:\/\/christusnews.de\/site\/wp-json\/wp\/v2\/posts\/25985\/revisions\/25986"}],"wp:attachment":[{"href":"https:\/\/christusnews.de\/site\/wp-json\/wp\/v2\/media?parent=25985"}],"wp:term":[{"taxonomy":"category","embeddable":true,"href":"https:\/\/christusnews.de\/site\/wp-json\/wp\/v2\/categories?post=25985"},{"taxonomy":"post_tag","embeddable":true,"href":"https:\/\/christusnews.de\/site\/wp-json\/wp\/v2\/tags?post=25985"}],"curies":[{"name":"wp","href":"https:\/\/api.w.org\/{rel}","templated":true}]}}