{"id":25987,"date":"2023-12-18T07:37:00","date_gmt":"2023-12-18T06:37:00","guid":{"rendered":"https:\/\/christusnews.de\/site\/theologin-koll-wird-direktorin-der-evangelischen-akademie-loccum\/"},"modified":"2023-12-19T10:19:09","modified_gmt":"2023-12-19T09:19:09","slug":"theologin-koll-wird-direktorin-der-evangelischen-akademie-loccum","status":"publish","type":"post","link":"https:\/\/christusnews.de\/site\/theologin-koll-wird-direktorin-der-evangelischen-akademie-loccum\/","title":{"rendered":"Theologin Koll wird Direktorin der Evangelischen Akademie Loccum"},"content":{"rendered":"<p class=\"MsoPlainText\">Loccum\/Kr. Nienburg (epd). Die promovierte Theologin Julia Koll wird neue Direktorin der Evangelischen Akademie Loccum bei Nienburg. Der Personalausschuss der hannoverschen Landeskirche hat die 48-J\u00e4hrige zur Nachfolgerin von Pfarrerin Verena Gr\u00fcter berufen, wie eine Sprecherin am Montag mitteilte. Die promovierte und habilitierte Theologin Gr\u00fcter war im Sommer 2023 zur\u00fcck in die bayerische Landeskirche gewechselt.<\/p>\n<p class=\"MsoPlainText\">&nbsp;<\/p>\n<p class=\"MsoPlainText\">Julia Koll war den Angaben zufolge bereits von 2014 bis 2019 als Studienleiterin an der Loccumer Akademie t\u00e4tig. Die 1946 gegr\u00fcndete Akademie Loccum zwischen Weser und Steinhuder Meer geh\u00f6rt zu den \u00e4ltesten und renommiertesten unter den 16 evangelischen Akademien in Deutschland. Sie veranstaltet j\u00e4hrlich etwa 80 Tagungen mit bis zu 5.000 Besucherinnen und Besuchern.<\/p>\n<p class=\"MsoPlainText\">&nbsp;<\/p>\n<p class=\"MsoPlainText\">Koll tritt ihren Dienst dort voraussichtlich im April an, hie\u00df es. Die Theologin habilitierte sich 2015 an der Universit\u00e4t G\u00f6ttingen.&nbsp;Seitdem lehrt sie dort regelm\u00e4\u00dfig im Fach Praktische Theologie und wurde 2023 zur au\u00dferplanm\u00e4\u00dfigen Professorin ernannt. Sie studierte Evangelische Theologie in Marburg und Berkeley (USA). Danach war sie Vikarin in Garbsen bei Hannover und dann Pastorin in Stade und im Kirchenkreis Uelzen.<\/p>\n<p class=\"MsoPlainText\">&nbsp;<\/p>\n<p class=\"MsoPlainText\">Mit ihr kehre eine Grenzg\u00e4ngerin zwischen Wissenschaft und Praxis wie auch zwischen Kirche und anderen gesellschaftlichen Bereichen an die Akademie Loccum zur\u00fcck, sagte der Theologische Vizepr\u00e4sident des Landeskirchenamtes, Ralph Charbonnier. \u00abMit diesem Profil wird sie die Akademie als Akteurin in gesellschaftlichen Diskursen st\u00e4rken und Akzente in Prozessen der Kirchenentwicklung setzen.\u00bb<\/p>\n<p class=\"MsoPlainText\">&nbsp;<\/p>\n<p class=\"MsoPlainText\">Koll ist zudem seit 2022 als Oberkirchenr\u00e4tin im Projektb\u00fcro \u00abNeues evangelisches Gesangbuch\u00bb im Kirchenamt der Evangelischen Kirche in Deutschland (EKD) t\u00e4tig. Sie geh\u00f6rt dem Konvent des Klosters Loccum an. Die Theologin ist verheiratet und lebt in Hannover.<\/p>\n<p>Kirche-Oldenburg<br \/>\n<a href=\"https:\/\/www.kirche-oldenburg.de\/\/aktuell\/news-niedersachsen\/artikel\/theologin-koll-wird-direktorin-der-evangelischen-akademie-loccum\" target=\"_blank\" rel=\"noopener\">Theologin Koll wird Direktorin der Evangelischen Akademie Loccum<\/a><\/p>\n","protected":false},"excerpt":{"rendered":"<p>Loccum\/Kr. Nienburg (epd). Die promovierte Theologin Julia Koll wird neue Direktorin der Evangelischen Akademie Loccum bei Nienburg. Der Personalausschuss der hannoverschen Landeskirche hat die 48-J\u00e4hrige zur Nachfolgerin von Pfarrerin Verena Gr\u00fcter berufen, wie eine Sprecherin am Montag mitteilte. Die promovierte und habilitierte Theologin Gr\u00fcter war im Sommer 2023 zur\u00fcck in die bayerische Landeskirche gewechselt. &nbsp; Julia Koll war den Angaben zufolge bereits von 2014 bis 2019 als Studienleiterin an der Loccumer Akademie t\u00e4tig. Die 1946 gegr\u00fcndete Akademie Loccum zwischen Weser und Steinhuder Meer geh\u00f6rt zu den \u00e4ltesten und renommiertesten unter den 16 evangelischen Akademien in Deutschland. Sie veranstaltet j\u00e4hrlich etwa&#8230;<\/p>\n","protected":false},"author":7,"featured_media":0,"comment_status":"false","ping_status":"open","sticky":false,"template":"","format":"standard","meta":{"footnotes":""},"categories":[43],"tags":[44],"class_list":["post-25987","post","type-post","status-publish","format-standard","hentry","category-kirche-oldenburg","tag-kirche-oldenburg"],"_links":{"self":[{"href":"https:\/\/christusnews.de\/site\/wp-json\/wp\/v2\/posts\/25987","targetHints":{"allow":["GET"]}}],"collection":[{"href":"https:\/\/christusnews.de\/site\/wp-json\/wp\/v2\/posts"}],"about":[{"href":"https:\/\/christusnews.de\/site\/wp-json\/wp\/v2\/types\/post"}],"author":[{"embeddable":true,"href":"https:\/\/christusnews.de\/site\/wp-json\/wp\/v2\/users\/7"}],"replies":[{"embeddable":true,"href":"https:\/\/christusnews.de\/site\/wp-json\/wp\/v2\/comments?post=25987"}],"version-history":[{"count":1,"href":"https:\/\/christusnews.de\/site\/wp-json\/wp\/v2\/posts\/25987\/revisions"}],"predecessor-version":[{"id":25988,"href":"https:\/\/christusnews.de\/site\/wp-json\/wp\/v2\/posts\/25987\/revisions\/25988"}],"wp:attachment":[{"href":"https:\/\/christusnews.de\/site\/wp-json\/wp\/v2\/media?parent=25987"}],"wp:term":[{"taxonomy":"category","embeddable":true,"href":"https:\/\/christusnews.de\/site\/wp-json\/wp\/v2\/categories?post=25987"},{"taxonomy":"post_tag","embeddable":true,"href":"https:\/\/christusnews.de\/site\/wp-json\/wp\/v2\/tags?post=25987"}],"curies":[{"name":"wp","href":"https:\/\/api.w.org\/{rel}","templated":true}]}}