{"id":26011,"date":"2023-12-24T00:01:00","date_gmt":"2023-12-23T23:01:00","guid":{"rendered":"https:\/\/christusnews.de\/site\/hoffnungslicht-in-dieser-welt\/"},"modified":"2023-12-24T10:19:26","modified_gmt":"2023-12-24T09:19:26","slug":"hoffnungslicht-in-dieser-welt","status":"publish","type":"post","link":"https:\/\/christusnews.de\/site\/hoffnungslicht-in-dieser-welt\/","title":{"rendered":"Hoffnungslicht in dieser Welt"},"content":{"rendered":"<p>In die tiefste Dunkelheit hinein habe Gott den Menschen zu Weihnachten Hoffnung geschenkt, so der Oldenburger Bischof Thomas Adomeit in seinem diesj\u00e4hrigen Videoweihnachtsgru\u00df. Gott habe seinen Sohn \u2013 das Wertvollste, das er hat \u2013 den Menschen geschenkt. Als Hoffnungslicht in diese Welt, in einer Krippe in Bethlehem geboren, habe Gott der Hoffnung Beine gemacht.&nbsp;<\/p>\n<p>Angesichts der Verunsicherung, die er an allen Ecken ersp\u00fcre, sei diese Hoffnung so wichtig. Die Corona-Pandemie scheine zur\u00fcckgekehrt, der Kieg in der Ukraine zeige keine Perspektive auf und die Weltklimakonferenz sei \u2013 so sein Eindruck \u2013 unbefriedigend zu Ende gegangen. Und die Situation im Nahen Osten, in Israel und Pal\u00e4stina \u2013 auch sie zeige keine Hoffnungszeichen.&nbsp;<\/p>\n<p>Bischof Adomeit w\u00fcnscht allen Menschen, dass sie von der weihnachtlichen Hoffnung Kraft bekommen. \u201eWenn es richtig gut l\u00e4uft, dann ist das Licht in Ihnen so stark, dass Sie abgeben k\u00f6nnen von Ihrer Hoffnung, die Sie selbst tr\u00e4gt, sodass die ganze Welt freundlicher und friedlicher wird.\u201c<\/p>\n<p>Den Video-Weihnachtsgru\u00df hat Bischof Adomeit zusammen mit Pfadfinderinnen und Pfadfindern des Verbandes Christlicher Pfadfinderinnen und Pfadfinder (VCP) in Gertrudenkapelle in Oldenburg aufgenommen. Die Kerzen wurden mit dem Friedenslicht aus Bethlehem angez\u00fcndet.<\/p>\n<div class=\"youtube-embed-wrapper\" style=\"height:0;overflow:hidden;padding-bottom:61.25%;padding-top:30px;position:relative\">\n<div class=\"social-gdpr-youtube-iframe elkio\">\n<div class=\"social-gdpr-youtube-video\" id=\"yt6587f79ddd0c2724473622\" style=\"height: 360px;width: 640px\" aria-label=\"Youtube Video laden\" aria-describedby=\"yt-notice6587f79ddd0c2724473622\">\n<div class=\"social-gdpr-youtube-iframe-disarmed\" data-iframe=\"PGlmcmFtZSBhbGxvdz0iOyIgYWxsb3dmdWxsc2NyZWVuPSIiIGZyYW1lYm9yZGVyPSIwIiBoZWlnaHQ9IjM2MCIgc3JjPSJodHRwczovL3d3dy55b3V0dWJlLW5vY29va2llLmNvbS9lbWJlZC81OXY0MkpUTXVGdz9yZWw9MCIgc3R5bGU9InBvc2l0aW9uOmFic29sdXRlO3RvcDowO2xlZnQ6MDt3aWR0aDoxMDAlO2hlaWdodDoxMDAlIiB3aWR0aD0iNjQwIj48L2lmcmFtZT4=\">\n            <img loading=\"lazy\" decoding=\"async\" src=\"https\/\/policies.google.com\/typo3conf\/ext\/social_gdpr\/Resources\/Public\/Images\/youtube_play_button.svg\" alt=\"\" class=\"videostub\" height=\"100\" width=\"100\" aria-hidden=\"true\" role=\"presentation\" \/><\/p>\n<div class=\"social-gdpr-youtube-iframe-notice\">\n<p id=\"yt-notice6587f79ddd0c2724473622\">Dies ist ein YouTube Video. Wenn Sie auf dieses Video klicken, stimmen Sie der <a href=\"https:\/\/policies.google.com\/privacy?hl=de\" target=\"_blank\" rel=\"noreferrer noopener\">Datenschutzerkl\u00e4rung &amp; Nutzungsbedingungen<\/a> von Google zu. <br \/>Au\u00dferdem stimmen Sie unserer Datenschutzrichtlinie zu.<\/p>\n<\/p><\/div><\/div><\/div>\n<\/div>\n<\/div>\n<p>&nbsp;<\/p>\n<p>Kirche-Oldenburg<br \/>\n<a href=\"https:\/\/www.kirche-oldenburg.de\/\/aktuell\/pressemitteilungen\/artikel\/hoffnungslicht-in-dieser-welt\" target=\"_blank\" rel=\"noopener\">Hoffnungslicht in dieser Welt<\/a><\/p>\n","protected":false},"excerpt":{"rendered":"<p>In die tiefste Dunkelheit hinein habe Gott den Menschen zu Weihnachten Hoffnung geschenkt, so der Oldenburger Bischof Thomas Adomeit in seinem diesj\u00e4hrigen Videoweihnachtsgru\u00df. Gott habe seinen Sohn \u2013 das Wertvollste, das er hat \u2013 den Menschen geschenkt. Als Hoffnungslicht in diese Welt, in einer Krippe in Bethlehem geboren, habe Gott der Hoffnung Beine gemacht.&nbsp; Angesichts der Verunsicherung, die er an allen Ecken ersp\u00fcre, sei diese Hoffnung so wichtig. Die Corona-Pandemie scheine zur\u00fcckgekehrt, der Kieg in der Ukraine zeige keine Perspektive auf und die Weltklimakonferenz sei \u2013 so sein Eindruck \u2013 unbefriedigend zu Ende gegangen. Und die Situation im Nahen Osten,&#8230;<\/p>\n","protected":false},"author":7,"featured_media":0,"comment_status":"false","ping_status":"open","sticky":false,"template":"","format":"standard","meta":{"footnotes":""},"categories":[43],"tags":[44],"class_list":["post-26011","post","type-post","status-publish","format-standard","hentry","category-kirche-oldenburg","tag-kirche-oldenburg"],"_links":{"self":[{"href":"https:\/\/christusnews.de\/site\/wp-json\/wp\/v2\/posts\/26011","targetHints":{"allow":["GET"]}}],"collection":[{"href":"https:\/\/christusnews.de\/site\/wp-json\/wp\/v2\/posts"}],"about":[{"href":"https:\/\/christusnews.de\/site\/wp-json\/wp\/v2\/types\/post"}],"author":[{"embeddable":true,"href":"https:\/\/christusnews.de\/site\/wp-json\/wp\/v2\/users\/7"}],"replies":[{"embeddable":true,"href":"https:\/\/christusnews.de\/site\/wp-json\/wp\/v2\/comments?post=26011"}],"version-history":[{"count":1,"href":"https:\/\/christusnews.de\/site\/wp-json\/wp\/v2\/posts\/26011\/revisions"}],"predecessor-version":[{"id":26012,"href":"https:\/\/christusnews.de\/site\/wp-json\/wp\/v2\/posts\/26011\/revisions\/26012"}],"wp:attachment":[{"href":"https:\/\/christusnews.de\/site\/wp-json\/wp\/v2\/media?parent=26011"}],"wp:term":[{"taxonomy":"category","embeddable":true,"href":"https:\/\/christusnews.de\/site\/wp-json\/wp\/v2\/categories?post=26011"},{"taxonomy":"post_tag","embeddable":true,"href":"https:\/\/christusnews.de\/site\/wp-json\/wp\/v2\/tags?post=26011"}],"curies":[{"name":"wp","href":"https:\/\/api.w.org\/{rel}","templated":true}]}}