{"id":26015,"date":"2023-12-23T12:28:00","date_gmt":"2023-12-23T11:28:00","guid":{"rendered":"https:\/\/christusnews.de\/site\/ekd-ratsvorsitzende-besorgt-um-wohl-der-kinder-in-kriegen\/"},"modified":"2023-12-24T22:18:05","modified_gmt":"2023-12-24T21:18:05","slug":"ekd-ratsvorsitzende-besorgt-um-wohl-der-kinder-in-kriegen","status":"publish","type":"post","link":"https:\/\/christusnews.de\/site\/ekd-ratsvorsitzende-besorgt-um-wohl-der-kinder-in-kriegen\/","title":{"rendered":"EKD-Ratsvorsitzende besorgt um Wohl der Kinder in Kriegen"},"content":{"rendered":"<p>Osnabr\u00fcck\/Hamburg (epd). Die amtierende Ratsvorsitzende der Evangelischen Kirche in Deutschland (EKD), Kirsten Fehrs, sorgt sich zu Weihnachten angesichts weltweiter Krisen besonders um das Wohl von Kindern. Die Bilder aus Kriegsgebieten gingen unter die Haut, schreibt die Hamburger Bisch\u00f6fin in einem Beitrag f\u00fcr die \u00abNeue Osnabr\u00fccker Zeitung (Sonnabend): \u00bbBesonders ber\u00fchrt mich das Leid der Kinder. Wie sie schutzlos ausgeliefert sind. In den Tunneln der Hamas. Dem Elend in Gaza. Der Vertreibung in der Ukraine.<\/p>\n<p>Was in der Kindheit geschehe, habe Auswirkung auf ein ganzes Leben, erl\u00e4utert Fehrs. \u00abWenn wir es nicht schaffen, die Kinder im Frieden und zum Frieden zu erziehen, k\u00f6nnen wir die Konflikte der Welt nicht dauerhaft befrieden.\u00bb Kinder seien \u00abdie Zukunft dieser Welt\u00bb.<\/p>\n<p>Auch Weihnachten beginne mit einem Kind. \u00abIhm, mit seinen unabgelaufenen F\u00fc\u00dfen und seiner gro\u00dfen Zartheit, wird die Hoffnung der Welt in die Wiege gelegt\u00bb betont die Bisch\u00f6fin. \u00abUnd ausnahmslos alle d\u00fcrfen zur Krippe kommen &#8211; voller Zuversicht, dass Gottes Friede Wirklichkeit werden kann.\u00bb In ihrem Beitrag erinnert Fehrs auch an den Westf\u00e4lischen Frieden, der vor 375 Jahren in Osnabr\u00fcck und M\u00fcnster geschlossen wurde und den Drei\u00dfigj\u00e4hrigen Krieg (1618-1648) beendete.<\/p>\n<p>Fehrs leitet in der Evangelisch-Lutherischen Kirche in Norddeutschland den Sprengel Hamburg und L\u00fcbeck. Im November 2023 \u00fcbernahm sie als Nachfolgerin von Annette Kurschus kommissarisch den Ratsvorsitz der EKD. Zu ihren besonderen Schwerpunkten geh\u00f6rt die Aufarbeitung von F\u00e4llen sexualisierter Gewalt in der Kirche.<\/p>\n<p><strong>Internet<\/strong><br \/>\n\u00dcber Bisch\u00f6fin Kirsten Fehrs: <a href=\"http:\/\/u.epd.de\/20d8\">http:\/\/u.epd.de\/20d8<\/a>&nbsp;<br \/>\n&nbsp;<\/p>\n<p>Kirche-Oldenburg<br \/>\n<a href=\"https:\/\/www.kirche-oldenburg.de\/\/aktuell\/news-niedersachsen\/artikel\/ekd-ratsvorsitzende-besorgt-um-wohl-der-kinder-in-kriegen\" target=\"_blank\" rel=\"noopener\">EKD-Ratsvorsitzende besorgt um Wohl der Kinder in Kriegen<\/a><\/p>\n","protected":false},"excerpt":{"rendered":"<p>Osnabr\u00fcck\/Hamburg (epd). Die amtierende Ratsvorsitzende der Evangelischen Kirche in Deutschland (EKD), Kirsten Fehrs, sorgt sich zu Weihnachten angesichts weltweiter Krisen besonders um das Wohl von Kindern. Die Bilder aus Kriegsgebieten gingen unter die Haut, schreibt die Hamburger Bisch\u00f6fin in einem Beitrag f\u00fcr die \u00abNeue Osnabr\u00fccker Zeitung (Sonnabend): \u00bbBesonders ber\u00fchrt mich das Leid der Kinder. Wie sie schutzlos ausgeliefert sind. In den Tunneln der Hamas. Dem Elend in Gaza. Der Vertreibung in der Ukraine. Was in der Kindheit geschehe, habe Auswirkung auf ein ganzes Leben, erl\u00e4utert Fehrs. \u00abWenn wir es nicht schaffen, die Kinder im Frieden und zum Frieden zu erziehen,&#8230;<\/p>\n","protected":false},"author":7,"featured_media":0,"comment_status":"false","ping_status":"open","sticky":false,"template":"","format":"standard","meta":{"footnotes":""},"categories":[43],"tags":[44],"class_list":["post-26015","post","type-post","status-publish","format-standard","hentry","category-kirche-oldenburg","tag-kirche-oldenburg"],"_links":{"self":[{"href":"https:\/\/christusnews.de\/site\/wp-json\/wp\/v2\/posts\/26015","targetHints":{"allow":["GET"]}}],"collection":[{"href":"https:\/\/christusnews.de\/site\/wp-json\/wp\/v2\/posts"}],"about":[{"href":"https:\/\/christusnews.de\/site\/wp-json\/wp\/v2\/types\/post"}],"author":[{"embeddable":true,"href":"https:\/\/christusnews.de\/site\/wp-json\/wp\/v2\/users\/7"}],"replies":[{"embeddable":true,"href":"https:\/\/christusnews.de\/site\/wp-json\/wp\/v2\/comments?post=26015"}],"version-history":[{"count":1,"href":"https:\/\/christusnews.de\/site\/wp-json\/wp\/v2\/posts\/26015\/revisions"}],"predecessor-version":[{"id":26016,"href":"https:\/\/christusnews.de\/site\/wp-json\/wp\/v2\/posts\/26015\/revisions\/26016"}],"wp:attachment":[{"href":"https:\/\/christusnews.de\/site\/wp-json\/wp\/v2\/media?parent=26015"}],"wp:term":[{"taxonomy":"category","embeddable":true,"href":"https:\/\/christusnews.de\/site\/wp-json\/wp\/v2\/categories?post=26015"},{"taxonomy":"post_tag","embeddable":true,"href":"https:\/\/christusnews.de\/site\/wp-json\/wp\/v2\/tags?post=26015"}],"curies":[{"name":"wp","href":"https:\/\/api.w.org\/{rel}","templated":true}]}}