{"id":26017,"date":"2023-12-23T12:27:00","date_gmt":"2023-12-23T11:27:00","guid":{"rendered":"https:\/\/christusnews.de\/site\/bischof-wilmer-mehr-anstrengungen-fuer-frieden-noetig\/"},"modified":"2023-12-24T22:18:06","modified_gmt":"2023-12-24T21:18:06","slug":"bischof-wilmer-mehr-anstrengungen-fuer-frieden-noetig","status":"publish","type":"post","link":"https:\/\/christusnews.de\/site\/bischof-wilmer-mehr-anstrengungen-fuer-frieden-noetig\/","title":{"rendered":"Bischof Wilmer: Mehr Anstrengungen f\u00fcr Frieden n\u00f6tig"},"content":{"rendered":"<p>D\u00fcsseldorf\/Hildesheim (epd). Der Hildesheimer katholische Bischof Heiner Wilmer h\u00e4lt mehr Anstrengungen f\u00fcr Frieden f\u00fcr erforderlich.<\/p>\n<p><strong>\u00abFriede ist nicht etwas, das einfach da ist, wenn ich nichts tue.\u00bb<\/strong><\/p>\n<p>Friede erfordert Wille, Energie und Anstrengung\u00bb, sagte der Vorsitzende der Deutschen Kommission Justitia et Pax der D\u00fcsseldorfer \u00abRheinischen Post\u00bb (Samstag). Der Wunsch nach Frieden, Vers\u00f6hnung und Geborgenheit sei in diesem Jahr besonders gro\u00df, \u00abbei den Menschen im Nahen Osten, in der Ukraine, in Afghanistan, in Mali, an so vielen anderen Orten der Erde, aber eben auch bei uns\u00bb.<\/p>\n<p>Der Friede Gottes gelte allen Menschen, gleich, welcher Religion oder Konfession sie angeh\u00f6ren, unterstrich Wilmer. \u00abDie ganze Welt ist ein einziges Haus, man kann diesem Haus keinen Frieden w\u00fcnschen, wenn man in Wahrheit nur einzelne Zimmer meint.\u00bb Grunds\u00e4tzlich traue er den Menschen zu, mit Gottes Hilfe Frieden zu schaffen, sagte der Bischof. \u00abVor allem brauchen wir eine Vision, eine Hoffnungsperspektive, ein Ziel.\u00bb Diese Vision finde sich in der Heiligen Schrift: \u00abHeil und Heilung im Einklang mit Gerechtigkeit, Friede als Zusammenklang der unterschiedlichen Stimmen, Friede als Ergebnis von Verhandlungen auf Augenh\u00f6he, die alle Beteiligten ber\u00fccksichtigen.\u00bb<\/p>\n<p>F\u00fcr den 62-J\u00e4hrigen, der seit f\u00fcnf Jahren das Bistum Hildesheim leitet, geh\u00f6rt Frieden immer auch mit der Frage nach Gerechtigkeit zusammen. F\u00fcr Zorn, Hass und Gewalt k\u00f6nne es verschiedene Gr\u00fcnde&nbsp;geben: \u00abIch habe Angst vor dem Fremden. Oder ich f\u00fchle mich wertlos. Oder ich werde ausgebeutet und erlebe die Gesellschaft als zutiefst ungerecht.\u00bb Wenn Menschen trotz Anstrengungen merkten, dass sie zu den Verlierern der Gesellschaft z\u00e4hlten, werde der Graben zu anderen tiefer, warnte der Bischof. \u00abIn Deutschland wird es keine friedvolle Gesellschaft geben, wenn wir nicht unseren Blick auf die Schwachen und die soziale Gerechtigkeit richten.\u00bb<\/p>\n<p><strong>Internet<\/strong><br \/>\nDas Interview in der \u00abRheinischen Post\u00bb: <a href=\"http:\/\/u.epd.de\/2ucs\">http:\/\/u.epd.de\/2ucs<\/a>&nbsp;<br \/>\n&nbsp;<\/p>\n<p>Kirche-Oldenburg<br \/>\n<a href=\"https:\/\/www.kirche-oldenburg.de\/\/aktuell\/news-niedersachsen\/artikel\/bischof-wilmer-mehr-anstrengungen-fuer-frieden-noetig\" target=\"_blank\" rel=\"noopener\">Bischof Wilmer: Mehr Anstrengungen f\u00fcr Frieden n\u00f6tig<\/a><\/p>\n","protected":false},"excerpt":{"rendered":"<p>D\u00fcsseldorf\/Hildesheim (epd). Der Hildesheimer katholische Bischof Heiner Wilmer h\u00e4lt mehr Anstrengungen f\u00fcr Frieden f\u00fcr erforderlich. \u00abFriede ist nicht etwas, das einfach da ist, wenn ich nichts tue.\u00bb Friede erfordert Wille, Energie und Anstrengung\u00bb, sagte der Vorsitzende der Deutschen Kommission Justitia et Pax der D\u00fcsseldorfer \u00abRheinischen Post\u00bb (Samstag). Der Wunsch nach Frieden, Vers\u00f6hnung und Geborgenheit sei in diesem Jahr besonders gro\u00df, \u00abbei den Menschen im Nahen Osten, in der Ukraine, in Afghanistan, in Mali, an so vielen anderen Orten der Erde, aber eben auch bei uns\u00bb. Der Friede Gottes gelte allen Menschen, gleich, welcher Religion oder Konfession sie angeh\u00f6ren, unterstrich Wilmer&#8230;.<\/p>\n","protected":false},"author":7,"featured_media":0,"comment_status":"false","ping_status":"open","sticky":false,"template":"","format":"standard","meta":{"footnotes":""},"categories":[43],"tags":[44],"class_list":["post-26017","post","type-post","status-publish","format-standard","hentry","category-kirche-oldenburg","tag-kirche-oldenburg"],"_links":{"self":[{"href":"https:\/\/christusnews.de\/site\/wp-json\/wp\/v2\/posts\/26017","targetHints":{"allow":["GET"]}}],"collection":[{"href":"https:\/\/christusnews.de\/site\/wp-json\/wp\/v2\/posts"}],"about":[{"href":"https:\/\/christusnews.de\/site\/wp-json\/wp\/v2\/types\/post"}],"author":[{"embeddable":true,"href":"https:\/\/christusnews.de\/site\/wp-json\/wp\/v2\/users\/7"}],"replies":[{"embeddable":true,"href":"https:\/\/christusnews.de\/site\/wp-json\/wp\/v2\/comments?post=26017"}],"version-history":[{"count":1,"href":"https:\/\/christusnews.de\/site\/wp-json\/wp\/v2\/posts\/26017\/revisions"}],"predecessor-version":[{"id":26018,"href":"https:\/\/christusnews.de\/site\/wp-json\/wp\/v2\/posts\/26017\/revisions\/26018"}],"wp:attachment":[{"href":"https:\/\/christusnews.de\/site\/wp-json\/wp\/v2\/media?parent=26017"}],"wp:term":[{"taxonomy":"category","embeddable":true,"href":"https:\/\/christusnews.de\/site\/wp-json\/wp\/v2\/categories?post=26017"},{"taxonomy":"post_tag","embeddable":true,"href":"https:\/\/christusnews.de\/site\/wp-json\/wp\/v2\/tags?post=26017"}],"curies":[{"name":"wp","href":"https:\/\/api.w.org\/{rel}","templated":true}]}}