{"id":26021,"date":"2023-12-22T12:23:00","date_gmt":"2023-12-22T11:23:00","guid":{"rendered":"https:\/\/christusnews.de\/site\/bischof-kritisiert-bruch-des-kirchenasyls-durch-polizei\/"},"modified":"2023-12-24T22:18:07","modified_gmt":"2023-12-24T21:18:07","slug":"bischof-kritisiert-bruch-des-kirchenasyls-durch-polizei","status":"publish","type":"post","link":"https:\/\/christusnews.de\/site\/bischof-kritisiert-bruch-des-kirchenasyls-durch-polizei\/","title":{"rendered":"Bischof kritisiert Bruch des Kirchenasyls durch Polizei"},"content":{"rendered":"<p>Hannover\/Schwerin (epd). Der Fl\u00fcchtlingsbeauftragte der Evangelischen Kirche in Deutschland (EKD), der Berliner Bischof Christian St\u00e4blein, hat den Bruch eines Kirchenasyls durch die Polizei am Mittwoch in Schwerin scharf kritisiert. Der Abschiebeversuch aus einem Kirchenasyl heraus sei \u00abv\u00f6llig inakzeptabel\u00bb gewesen, \u00abebenso wie die unverh\u00e4ltnism\u00e4\u00dfige Eskalation der Situation durch die Polizei\u00bb, erkl\u00e4rte St\u00e4blein am Freitag in Hannover.<\/p>\n<p>\u00abDas Kirchenasyl ist ein Schutzraum f\u00fcr besonders schutzbed\u00fcrftige, oft traumatisierte Menschen.\u00bb Der Einsatz zeige in bedr\u00fcckender Weise, mit welchen brachialen Mitteln die Beh\u00f6rden gegen Schutzsuchende vorzugehen bereit seien, erkl\u00e4rte der Bischof der Evangelischen Kirche Berlin-Brandenburg-schlesische Oberlausitz.<\/p>\n<p>St\u00e4blein betonte, er w\u00fcrde gerne mit den zust\u00e4ndigen Stellen ins Gespr\u00e4ch kommen, \u00abum zu kl\u00e4ren: Warum ist das so passiert\u00bb. \u00abIch frage mich, welchen Stellenwert Humanit\u00e4t und Augenma\u00df bei solchen Eins\u00e4tzen eigentlich spielen.\u00bb Die evangelische Kirche stehe zum Kirchenasyl. Es sei das letzte Mittel, um in humanit\u00e4ren H\u00e4rtef\u00e4llen die W\u00fcrde und die Rechte von Menschen zu sch\u00fctzen, betonte St\u00e4blein.<\/p>\n<p>Die Polizei in Schwerin hatte wegen eines Amtshilfegesuchs der Kieler Ausl\u00e4nderbeh\u00f6rde am Mittwoch ein bestehendes Kirchenasyl in der evangelischen Petrusgemeinde in Schwerin gebrochen, um zwei erwachsene S\u00f6hne einer sechsk\u00f6pfigen afghanischen Familie nach Spanien abzuschieben. Die Abschiebung scheiterte, weil sowohl die Mutter als auch einer der S\u00f6hne sich in einem psychischen Ausnahmezustand befanden.<\/p>\n<p>Kirche-Oldenburg<br \/>\n<a href=\"https:\/\/www.kirche-oldenburg.de\/\/aktuell\/news-niedersachsen\/artikel\/bischof-kritisiert-bruch-des-kirchenasyls-durch-polizei\" target=\"_blank\" rel=\"noopener\">Bischof kritisiert Bruch des Kirchenasyls durch Polizei<\/a><\/p>\n","protected":false},"excerpt":{"rendered":"<p>Hannover\/Schwerin (epd). Der Fl\u00fcchtlingsbeauftragte der Evangelischen Kirche in Deutschland (EKD), der Berliner Bischof Christian St\u00e4blein, hat den Bruch eines Kirchenasyls durch die Polizei am Mittwoch in Schwerin scharf kritisiert. Der Abschiebeversuch aus einem Kirchenasyl heraus sei \u00abv\u00f6llig inakzeptabel\u00bb gewesen, \u00abebenso wie die unverh\u00e4ltnism\u00e4\u00dfige Eskalation der Situation durch die Polizei\u00bb, erkl\u00e4rte St\u00e4blein am Freitag in Hannover. \u00abDas Kirchenasyl ist ein Schutzraum f\u00fcr besonders schutzbed\u00fcrftige, oft traumatisierte Menschen.\u00bb Der Einsatz zeige in bedr\u00fcckender Weise, mit welchen brachialen Mitteln die Beh\u00f6rden gegen Schutzsuchende vorzugehen bereit seien, erkl\u00e4rte der Bischof der Evangelischen Kirche Berlin-Brandenburg-schlesische Oberlausitz. St\u00e4blein betonte, er w\u00fcrde gerne mit den zust\u00e4ndigen Stellen&#8230;<\/p>\n","protected":false},"author":7,"featured_media":0,"comment_status":"false","ping_status":"open","sticky":false,"template":"","format":"standard","meta":{"footnotes":""},"categories":[43],"tags":[44],"class_list":["post-26021","post","type-post","status-publish","format-standard","hentry","category-kirche-oldenburg","tag-kirche-oldenburg"],"_links":{"self":[{"href":"https:\/\/christusnews.de\/site\/wp-json\/wp\/v2\/posts\/26021","targetHints":{"allow":["GET"]}}],"collection":[{"href":"https:\/\/christusnews.de\/site\/wp-json\/wp\/v2\/posts"}],"about":[{"href":"https:\/\/christusnews.de\/site\/wp-json\/wp\/v2\/types\/post"}],"author":[{"embeddable":true,"href":"https:\/\/christusnews.de\/site\/wp-json\/wp\/v2\/users\/7"}],"replies":[{"embeddable":true,"href":"https:\/\/christusnews.de\/site\/wp-json\/wp\/v2\/comments?post=26021"}],"version-history":[{"count":1,"href":"https:\/\/christusnews.de\/site\/wp-json\/wp\/v2\/posts\/26021\/revisions"}],"predecessor-version":[{"id":26022,"href":"https:\/\/christusnews.de\/site\/wp-json\/wp\/v2\/posts\/26021\/revisions\/26022"}],"wp:attachment":[{"href":"https:\/\/christusnews.de\/site\/wp-json\/wp\/v2\/media?parent=26021"}],"wp:term":[{"taxonomy":"category","embeddable":true,"href":"https:\/\/christusnews.de\/site\/wp-json\/wp\/v2\/categories?post=26021"},{"taxonomy":"post_tag","embeddable":true,"href":"https:\/\/christusnews.de\/site\/wp-json\/wp\/v2\/tags?post=26021"}],"curies":[{"name":"wp","href":"https:\/\/api.w.org\/{rel}","templated":true}]}}