{"id":26042,"date":"2023-12-26T15:15:00","date_gmt":"2023-12-26T14:15:00","guid":{"rendered":"https:\/\/christusnews.de\/site\/kuenstlerdorf-worpswede-2024-im-zeichen-von-bernhard-hoetger\/"},"modified":"2023-12-27T22:18:27","modified_gmt":"2023-12-27T21:18:27","slug":"kuenstlerdorf-worpswede-2024-im-zeichen-von-bernhard-hoetger","status":"publish","type":"post","link":"https:\/\/christusnews.de\/site\/kuenstlerdorf-worpswede-2024-im-zeichen-von-bernhard-hoetger\/","title":{"rendered":"K\u00fcnstlerdorf Worpswede 2024 im Zeichen von Bernhard Hoetger"},"content":{"rendered":"<p>Worpswede (epd). Das K\u00fcnstlerdorf Worpswede bei Bremen steht im neuen Jahr ganz im Zeichen des Universalk\u00fcnstlers Bernhard Hoetger. Unter dem Titel \u00abZwischen den Welten\u00bb planen die gro\u00dfen Museen eigenen Angaben zufolge ab Fr\u00fchjahr vor dem Hintergrund des 150. Geburtstages des K\u00fcnstlers (1874-1949) eine \u00dcberblicksausstellung. Hoetger geh\u00f6rte Anfang des 20. Jahrhunderts zur Avantgarde der modernen Kunst und war eng mit Worpswede verbunden.<\/p>\n<p>Aufgrund seiner NSDAP-Mitgliedschaft und seiner Suche nach einer \u00abnordischen\u00bb Kunst ist Hoetger aber auch umstritten. Trotz seiner N\u00e4he zur v\u00f6lkischen Ideologie lie\u00df Adolf Hitler die Kunst Hoetgers als entartet einstufen.<\/p>\n<p>Mit dem K\u00fcnstler besch\u00e4ftigen sich in den kommenden Monaten aber nicht nur Worpswede und die Darmst\u00e4dter K\u00fcnstlerkolonie Mathildenh\u00f6he. \u00dcberdies haben bereits die Dreharbeiten zu einem Dokudrama begonnen, das unter dem Titel \u00abBernhard Hoetger. Vom Aufstieg und Fall eines K\u00fcnstlers\u00bb rechtzeitig zum Geburtstag von Hoetger im Mai in die Kinos kommen soll.<\/p>\n<p>In der Hauptrolle des Bernhard Hoetger ist Moritz F\u00fchrmann zu sehen. Katharina Stark spielt die Malerin Paula Modersohn-Becker. Die Regie in dem Film der Bremer Produktionsfirma Kinescope f\u00fchrt Gabriele Rose.<\/p>\n<p>Bernhard Hoetger wurde am 4. Mai 1874 im heutigen Dortmunder Stadtteil H\u00f6rde geboren. K\u00fcnstlerische Wegbegleiter des Bildhauers, Malers, Architekten und Kunsthandwerkers waren unter anderen Auguste Rodin und Pablo Picasso.<\/p>\n<p>Architektonisch pr\u00e4gte Hoetger mit mehreren Bauwerken das Ortsbild von Worpswede. Au\u00dferdem \u00fcbernahm er die Neugestaltung der Bremer B\u00f6ttcherstra\u00dfe, plante einen ganzen Stadtteil in Hannover (TET-Stadt) und gestaltete auf der Mathildenh\u00f6he in Darmstadt das Au\u00dfengel\u00e4nde.<\/p>\n<p><strong>Internet:<\/strong><br \/>\n<a href=\"https:\/\/www.worpswede-museen.de\">www.worpswede-museen.de<\/a>&nbsp;<br \/>\n<a href=\"https:\/\/www.mathildenhoehe.eu\">www.mathildenhoehe.eu<\/a>&nbsp;<br \/>\n<a href=\"https:\/\/www.boettcherstrasse.de\">www.boettcherstrasse.de<\/a>&nbsp;<br \/>\n<a href=\"https:\/\/www.kinescope.de\">www.kinescope.de<\/a>&nbsp;<br \/>\n&nbsp;<\/p>\n<p>Kirche-Oldenburg<br \/>\n<a href=\"https:\/\/www.kirche-oldenburg.de\/\/aktuell\/news-niedersachsen\/artikel\/kuenstlerdorf-worpswede-2024-im-zeichen-von-bernhard-hoetger\" target=\"_blank\" rel=\"noopener\">K\u00fcnstlerdorf Worpswede 2024 im Zeichen von Bernhard Hoetger<\/a><\/p>\n","protected":false},"excerpt":{"rendered":"<p>Worpswede (epd). Das K\u00fcnstlerdorf Worpswede bei Bremen steht im neuen Jahr ganz im Zeichen des Universalk\u00fcnstlers Bernhard Hoetger. Unter dem Titel \u00abZwischen den Welten\u00bb planen die gro\u00dfen Museen eigenen Angaben zufolge ab Fr\u00fchjahr vor dem Hintergrund des 150. Geburtstages des K\u00fcnstlers (1874-1949) eine \u00dcberblicksausstellung. Hoetger geh\u00f6rte Anfang des 20. Jahrhunderts zur Avantgarde der modernen Kunst und war eng mit Worpswede verbunden. Aufgrund seiner NSDAP-Mitgliedschaft und seiner Suche nach einer \u00abnordischen\u00bb Kunst ist Hoetger aber auch umstritten. Trotz seiner N\u00e4he zur v\u00f6lkischen Ideologie lie\u00df Adolf Hitler die Kunst Hoetgers als entartet einstufen. Mit dem K\u00fcnstler besch\u00e4ftigen sich in den kommenden Monaten&#8230;<\/p>\n","protected":false},"author":7,"featured_media":0,"comment_status":"false","ping_status":"open","sticky":false,"template":"","format":"standard","meta":{"footnotes":""},"categories":[43],"tags":[44],"class_list":["post-26042","post","type-post","status-publish","format-standard","hentry","category-kirche-oldenburg","tag-kirche-oldenburg"],"_links":{"self":[{"href":"https:\/\/christusnews.de\/site\/wp-json\/wp\/v2\/posts\/26042","targetHints":{"allow":["GET"]}}],"collection":[{"href":"https:\/\/christusnews.de\/site\/wp-json\/wp\/v2\/posts"}],"about":[{"href":"https:\/\/christusnews.de\/site\/wp-json\/wp\/v2\/types\/post"}],"author":[{"embeddable":true,"href":"https:\/\/christusnews.de\/site\/wp-json\/wp\/v2\/users\/7"}],"replies":[{"embeddable":true,"href":"https:\/\/christusnews.de\/site\/wp-json\/wp\/v2\/comments?post=26042"}],"version-history":[{"count":1,"href":"https:\/\/christusnews.de\/site\/wp-json\/wp\/v2\/posts\/26042\/revisions"}],"predecessor-version":[{"id":26043,"href":"https:\/\/christusnews.de\/site\/wp-json\/wp\/v2\/posts\/26042\/revisions\/26043"}],"wp:attachment":[{"href":"https:\/\/christusnews.de\/site\/wp-json\/wp\/v2\/media?parent=26042"}],"wp:term":[{"taxonomy":"category","embeddable":true,"href":"https:\/\/christusnews.de\/site\/wp-json\/wp\/v2\/categories?post=26042"},{"taxonomy":"post_tag","embeddable":true,"href":"https:\/\/christusnews.de\/site\/wp-json\/wp\/v2\/tags?post=26042"}],"curies":[{"name":"wp","href":"https:\/\/api.w.org\/{rel}","templated":true}]}}