{"id":26044,"date":"2023-12-25T15:18:00","date_gmt":"2023-12-25T14:18:00","guid":{"rendered":"https:\/\/christusnews.de\/site\/bovenschulte-weihnachten-steht-fuer-solidaritaet-und-mitgefuehl\/"},"modified":"2023-12-27T22:18:27","modified_gmt":"2023-12-27T21:18:27","slug":"bovenschulte-weihnachten-steht-fuer-solidaritaet-und-mitgefuehl","status":"publish","type":"post","link":"https:\/\/christusnews.de\/site\/bovenschulte-weihnachten-steht-fuer-solidaritaet-und-mitgefuehl\/","title":{"rendered":"Bovenschulte: Weihnachten steht f\u00fcr Solidarit\u00e4t und Mitgef\u00fchl"},"content":{"rendered":"<p>Bremen (epd). Bremens B\u00fcrgermeister Andreas Bovenschulte (SPD) hat in seiner Weihnachtsansprache betont, dass die Weihnachtszeit die Menschen an die Bedeutung von Gemeinschaft und Zusammenhalt, von Solidarit\u00e4t und Mitgef\u00fchl erinnere. Sie mahne jeden, vor allem die Menschen nicht zu vergessen, die nicht auf der Sonnenseite des Lebens stehen, sagte Bovenschulte. \u00abEine eigene Wohnung, eine warme Mahlzeit am Tag, Menschen, die sich um einen k\u00fcmmern, wenn man Hilfe braucht oder sich einsam f\u00fchlt &#8211; viele unter uns haben all das nicht in ihrem Leben. Auch in Bremen und Bremerhaven nicht\u00bb, sagte der B\u00fcrgermeister.<\/p>\n<p>Bovenschulte erinnerte auch an die Konflikte in der Welt. F\u00fcr viele Menschen erf\u00fclle sich die Hoffnung auf ein friedliches Fest nicht. Tausende unschuldige Menschen seien gestorben, in der Ukraine und im Nahen Osten. Diese Konflikte stellten auch unsere Werte auf die Probe. \u00abDeshalb bin ich sehr froh, dass sich so viele Menschen in unserer Gesellschaft daf\u00fcr einsetzen, dass Hass und Gewalt, Feindseligkeit und Ausgrenzung bei uns keine Chance haben.\u00bb Dies sei keine Selbstverst\u00e4ndlichkeit. \u00abDaran m\u00fcssen wir arbeiten. Jeden Tag!\u00bb<br \/>\n&nbsp;<\/p>\n<p>Kirche-Oldenburg<br \/>\n<a href=\"https:\/\/www.kirche-oldenburg.de\/\/aktuell\/news-niedersachsen\/artikel\/bovenschulte-weihnachten-steht-fuer-solidaritaet-und-mitgefuehl\" target=\"_blank\" rel=\"noopener\">Bovenschulte: Weihnachten steht f\u00fcr Solidarit\u00e4t und Mitgef\u00fchl<\/a><\/p>\n","protected":false},"excerpt":{"rendered":"<p>Bremen (epd). Bremens B\u00fcrgermeister Andreas Bovenschulte (SPD) hat in seiner Weihnachtsansprache betont, dass die Weihnachtszeit die Menschen an die Bedeutung von Gemeinschaft und Zusammenhalt, von Solidarit\u00e4t und Mitgef\u00fchl erinnere. Sie mahne jeden, vor allem die Menschen nicht zu vergessen, die nicht auf der Sonnenseite des Lebens stehen, sagte Bovenschulte. \u00abEine eigene Wohnung, eine warme Mahlzeit am Tag, Menschen, die sich um einen k\u00fcmmern, wenn man Hilfe braucht oder sich einsam f\u00fchlt &#8211; viele unter uns haben all das nicht in ihrem Leben. Auch in Bremen und Bremerhaven nicht\u00bb, sagte der B\u00fcrgermeister. Bovenschulte erinnerte auch an die Konflikte in der Welt&#8230;.<\/p>\n","protected":false},"author":7,"featured_media":0,"comment_status":"false","ping_status":"open","sticky":false,"template":"","format":"standard","meta":{"footnotes":""},"categories":[43],"tags":[44],"class_list":["post-26044","post","type-post","status-publish","format-standard","hentry","category-kirche-oldenburg","tag-kirche-oldenburg"],"_links":{"self":[{"href":"https:\/\/christusnews.de\/site\/wp-json\/wp\/v2\/posts\/26044","targetHints":{"allow":["GET"]}}],"collection":[{"href":"https:\/\/christusnews.de\/site\/wp-json\/wp\/v2\/posts"}],"about":[{"href":"https:\/\/christusnews.de\/site\/wp-json\/wp\/v2\/types\/post"}],"author":[{"embeddable":true,"href":"https:\/\/christusnews.de\/site\/wp-json\/wp\/v2\/users\/7"}],"replies":[{"embeddable":true,"href":"https:\/\/christusnews.de\/site\/wp-json\/wp\/v2\/comments?post=26044"}],"version-history":[{"count":1,"href":"https:\/\/christusnews.de\/site\/wp-json\/wp\/v2\/posts\/26044\/revisions"}],"predecessor-version":[{"id":26045,"href":"https:\/\/christusnews.de\/site\/wp-json\/wp\/v2\/posts\/26044\/revisions\/26045"}],"wp:attachment":[{"href":"https:\/\/christusnews.de\/site\/wp-json\/wp\/v2\/media?parent=26044"}],"wp:term":[{"taxonomy":"category","embeddable":true,"href":"https:\/\/christusnews.de\/site\/wp-json\/wp\/v2\/categories?post=26044"},{"taxonomy":"post_tag","embeddable":true,"href":"https:\/\/christusnews.de\/site\/wp-json\/wp\/v2\/tags?post=26044"}],"curies":[{"name":"wp","href":"https:\/\/api.w.org\/{rel}","templated":true}]}}