{"id":26048,"date":"2023-12-27T19:49:00","date_gmt":"2023-12-27T18:49:00","guid":{"rendered":"https:\/\/christusnews.de\/site\/ekd-ratsvorsitzende-fehrs-mit-schaeubles-tod-ist-eine-aera-zu-ende\/"},"modified":"2023-12-28T22:17:29","modified_gmt":"2023-12-28T21:17:29","slug":"ekd-ratsvorsitzende-fehrs-mit-schaeubles-tod-ist-eine-aera-zu-ende","status":"publish","type":"post","link":"https:\/\/christusnews.de\/site\/ekd-ratsvorsitzende-fehrs-mit-schaeubles-tod-ist-eine-aera-zu-ende\/","title":{"rendered":"EKD-Ratsvorsitzende Fehrs: Mit Sch\u00e4ubles Tod ist eine \u00ab\u00c4ra zu Ende\u00bb"},"content":{"rendered":"<p>Hannover (epd). Die amtierende Ratsvorsitzende der Evangelischen Kirche in Deutschland (EKD), Kirsten Fehrs, hat den verstorbenen CDU-Politiker Wolfgang Sch\u00e4uble als \u00abdurch und durch integren Politiker\u00bb gew\u00fcrdigt. \u00abSein Mut und seine klaren Worte, seine Gelassenheit im Umgang mit den \u00dcberzeugungen anderer haben mich tief beeindruckt\u00bb, erkl\u00e4rte die Hamburger Bisch\u00f6fin am Mittwoch. Mit ihm sei \u00abeine \u00c4ra zu Ende gegangen, nichts weniger\u00bb. Sch\u00e4uble war am Dienstag im Alter von 81 Jahren gestorben.<\/p>\n<p>\u00abIch habe Wolfgang Sch\u00e4uble als in besonderer Weise engagierten Christen kennengelernt &#8211; getragen und gegr\u00fcndet im Vertrauen auf Gott, der liebt, tr\u00f6stet und tr\u00e4gt\u00bb, f\u00fcgte Fehrs hinzu. Als Politiker mit einer stets klaren, aufrechten Haltung habe der Protestant Sch\u00e4uble seine Partei, die Christlich Demokratische Union, \u00fcber Jahrzehnte entscheidend mitgestaltet &#8211; und dies \u00abin dem Wissen\u00bb, wie er selbst einmal gemeint habe, \u00abdass jeder Mensch zum Guten wie zum B\u00f6sen geleitet werden kann\u00bb.<\/p>\n<p>Als l\u00e4ngster amtierender Abgeordneter in der Geschichte der deutschen Parlamente seit 1848 habe Sch\u00e4uble die Bundesrepublik Deutschland auf besondere Weise politisch vorangebracht, betonte Fehrs. Bis zuletzt habe er die Debattenkultur im deutschen Parlament gepr\u00e4gt und sich stets f\u00fcr einen konstruktiven, respektvollen und vor allem demokratischen Austausch zwischen den Abgeordneten eingesetzt. \u00abAuch sein einzigartiges Engagement bei den Verhandlungen zur Wiedervereinigung des geteilten Deutschlands ist unvergessen\u00bb, erkl\u00e4rte die Hamburger Bisch\u00f6fin.<\/p>\n<p>Als Abgeordneter, Fraktionsvorsitzender, Chef des Bundeskanzleramts, Innen- und Finanzminister und zuletzt als Pr\u00e4sident des Deutschen Bundestags habe Wolfgang Sch\u00e4uble die \u00aboftmals komplizierten und Geduld fordernden Prozesse der Exekutive und Legislative aus unterschiedlichsten Perspektiven mitgestaltet\u00bb, sagte Fehrs: \u00abDabei hat er immer wieder deutlich gezeigt, dass er sich von einer zutiefst christlichen Haltung hat leiten lassen.\u00bb Seine durchaus auch kritischen Bemerkungen bei kirchlichen Veranstaltungen wie dem Deutschen Evangelischen Kirchentag waren Fehrs zufolge eine Bereicherung f\u00fcr die Diskussionen in der Kirche.<br \/>\n&nbsp;<\/p>\n<p>Kirche-Oldenburg<br \/>\n<a href=\"https:\/\/www.kirche-oldenburg.de\/\/aktuell\/news-niedersachsen\/artikel\/ekd-ratsvorsitzende-fehrs-mit-schaeubles-tod-ist-eine-aera-zu-ende\" target=\"_blank\" rel=\"noopener\">EKD-Ratsvorsitzende Fehrs: Mit Sch\u00e4ubles Tod ist eine \u00ab\u00c4ra zu Ende\u00bb<\/a><\/p>\n","protected":false},"excerpt":{"rendered":"<p>Hannover (epd). Die amtierende Ratsvorsitzende der Evangelischen Kirche in Deutschland (EKD), Kirsten Fehrs, hat den verstorbenen CDU-Politiker Wolfgang Sch\u00e4uble als \u00abdurch und durch integren Politiker\u00bb gew\u00fcrdigt. \u00abSein Mut und seine klaren Worte, seine Gelassenheit im Umgang mit den \u00dcberzeugungen anderer haben mich tief beeindruckt\u00bb, erkl\u00e4rte die Hamburger Bisch\u00f6fin am Mittwoch. Mit ihm sei \u00abeine \u00c4ra zu Ende gegangen, nichts weniger\u00bb. Sch\u00e4uble war am Dienstag im Alter von 81 Jahren gestorben. \u00abIch habe Wolfgang Sch\u00e4uble als in besonderer Weise engagierten Christen kennengelernt &#8211; getragen und gegr\u00fcndet im Vertrauen auf Gott, der liebt, tr\u00f6stet und tr\u00e4gt\u00bb, f\u00fcgte Fehrs hinzu. Als Politiker mit&#8230;<\/p>\n","protected":false},"author":7,"featured_media":0,"comment_status":"false","ping_status":"open","sticky":false,"template":"","format":"standard","meta":{"footnotes":""},"categories":[43],"tags":[44],"class_list":["post-26048","post","type-post","status-publish","format-standard","hentry","category-kirche-oldenburg","tag-kirche-oldenburg"],"_links":{"self":[{"href":"https:\/\/christusnews.de\/site\/wp-json\/wp\/v2\/posts\/26048","targetHints":{"allow":["GET"]}}],"collection":[{"href":"https:\/\/christusnews.de\/site\/wp-json\/wp\/v2\/posts"}],"about":[{"href":"https:\/\/christusnews.de\/site\/wp-json\/wp\/v2\/types\/post"}],"author":[{"embeddable":true,"href":"https:\/\/christusnews.de\/site\/wp-json\/wp\/v2\/users\/7"}],"replies":[{"embeddable":true,"href":"https:\/\/christusnews.de\/site\/wp-json\/wp\/v2\/comments?post=26048"}],"version-history":[{"count":1,"href":"https:\/\/christusnews.de\/site\/wp-json\/wp\/v2\/posts\/26048\/revisions"}],"predecessor-version":[{"id":26049,"href":"https:\/\/christusnews.de\/site\/wp-json\/wp\/v2\/posts\/26048\/revisions\/26049"}],"wp:attachment":[{"href":"https:\/\/christusnews.de\/site\/wp-json\/wp\/v2\/media?parent=26048"}],"wp:term":[{"taxonomy":"category","embeddable":true,"href":"https:\/\/christusnews.de\/site\/wp-json\/wp\/v2\/categories?post=26048"},{"taxonomy":"post_tag","embeddable":true,"href":"https:\/\/christusnews.de\/site\/wp-json\/wp\/v2\/tags?post=26048"}],"curies":[{"name":"wp","href":"https:\/\/api.w.org\/{rel}","templated":true}]}}