{"id":26050,"date":"2023-12-27T19:47:00","date_gmt":"2023-12-27T18:47:00","guid":{"rendered":"https:\/\/christusnews.de\/site\/akademie-loccum-stellt-klimaschutz-und-europa-in-den-mittelpunkt\/"},"modified":"2023-12-28T22:17:30","modified_gmt":"2023-12-28T21:17:30","slug":"akademie-loccum-stellt-klimaschutz-und-europa-in-den-mittelpunkt","status":"publish","type":"post","link":"https:\/\/christusnews.de\/site\/akademie-loccum-stellt-klimaschutz-und-europa-in-den-mittelpunkt\/","title":{"rendered":"Akademie Loccum stellt Klimaschutz und Europa in den Mittelpunkt"},"content":{"rendered":"<p>Loccum\/Kr. Nienburg (epd). Der Klimaschutz und Europapolitik bilden den Schwerpunkt im neuen Halbjahresprogramm der Evangelischen Akademie Loccum bei Nienburg. So geht es vom 15. bis 17. April um die europ\u00e4ische Verteidigungspolitik nach dem Angriff Russlands auf die Ukraine, wie die Akademie mitteilte. Vom 27. bis 29. Mai steht die Integration der sechs Westbalkan-Staaten in die Europ\u00e4ische Union im Mittelpunkt. Um vom 19. bis 21. Juni besch\u00e4ftigt sich die Akademie unter dem Titel \u00abNukleare Eiszeit?\u00bb mit der Bedrohung Europas durch Atomwaffen und den m\u00f6glichen Antworten darauf.<\/p>\n<p>Kaum ein gesellschaftlicher Lebensbereich bleibe von der \u00abZeitenwende\u00bb verschont, die zun\u00e4chst im Zusammenhang mit dem Krieg in der Ukraine formuliert worden sei, hei\u00dft es im neuen Programmheft. Diesen \u00abKipppunkten\u00bb wolle die Akademie nachsp\u00fcren.<\/p>\n<p>Im Themenbereich Natur und Umwelt beleuchtet die Akademie vom 14. bis 16. Juni die schwierige Suche nach einem Atomm\u00fcll-Endlager. Im Mai geht es um \u00abBoden-Gesundheit und Klima-Schutz\u00bb, und Mitte M\u00e4rz fragt die Einrichtung, wie die Kirche als gro\u00dfer Landbesitzer zum Klimaschutz beitragen kann. Im Themenbereich Kirche und Religion geht es um Antisemitismus und Justiz, um sexualisierte Gewalt in der Kirche oder um den Beitrag des Islam zum Klimaschutz.<\/p>\n<p>Insgesamt plant die Akademie f\u00fcr die Zeit von Januar bis Juni 31 Tagungen. Voraussichtlich im April wird die neue Akademiedirektorin Julia Koll ihre Arbeit aufnehmen &#8211; ihre Vorg\u00e4ngerin Verena Gr\u00fcter war im Sommer zur\u00fcck nach Bayern gewechselt. Loccum geh\u00f6rt zu den \u00e4ltesten und renommiertesten unter den 17 evangelischen Akademien in Deutschland. Zu den Tagungen kamen vor der Corona-Pandemie j\u00e4hrlich rund 5.000 Besucherinnen und Besucher.<\/p>\n<p><strong>Internet:<\/strong> <a href=\"https:\/\/www.loccum.de\">www.loccum.de<\/a>&nbsp;<br \/>\n&nbsp;<\/p>\n<p>Kirche-Oldenburg<br \/>\n<a href=\"https:\/\/www.kirche-oldenburg.de\/\/aktuell\/news-niedersachsen\/artikel\/akademie-loccum-stellt-klimaschutz-und-europa-in-den-mittelpunkt\" target=\"_blank\" rel=\"noopener\">Akademie Loccum stellt Klimaschutz und Europa in den Mittelpunkt<\/a><\/p>\n","protected":false},"excerpt":{"rendered":"<p>Loccum\/Kr. Nienburg (epd). Der Klimaschutz und Europapolitik bilden den Schwerpunkt im neuen Halbjahresprogramm der Evangelischen Akademie Loccum bei Nienburg. So geht es vom 15. bis 17. April um die europ\u00e4ische Verteidigungspolitik nach dem Angriff Russlands auf die Ukraine, wie die Akademie mitteilte. Vom 27. bis 29. Mai steht die Integration der sechs Westbalkan-Staaten in die Europ\u00e4ische Union im Mittelpunkt. Um vom 19. bis 21. Juni besch\u00e4ftigt sich die Akademie unter dem Titel \u00abNukleare Eiszeit?\u00bb mit der Bedrohung Europas durch Atomwaffen und den m\u00f6glichen Antworten darauf. Kaum ein gesellschaftlicher Lebensbereich bleibe von der \u00abZeitenwende\u00bb verschont, die zun\u00e4chst im Zusammenhang mit dem&#8230;<\/p>\n","protected":false},"author":7,"featured_media":0,"comment_status":"false","ping_status":"open","sticky":false,"template":"","format":"standard","meta":{"footnotes":""},"categories":[43],"tags":[44],"class_list":["post-26050","post","type-post","status-publish","format-standard","hentry","category-kirche-oldenburg","tag-kirche-oldenburg"],"_links":{"self":[{"href":"https:\/\/christusnews.de\/site\/wp-json\/wp\/v2\/posts\/26050","targetHints":{"allow":["GET"]}}],"collection":[{"href":"https:\/\/christusnews.de\/site\/wp-json\/wp\/v2\/posts"}],"about":[{"href":"https:\/\/christusnews.de\/site\/wp-json\/wp\/v2\/types\/post"}],"author":[{"embeddable":true,"href":"https:\/\/christusnews.de\/site\/wp-json\/wp\/v2\/users\/7"}],"replies":[{"embeddable":true,"href":"https:\/\/christusnews.de\/site\/wp-json\/wp\/v2\/comments?post=26050"}],"version-history":[{"count":1,"href":"https:\/\/christusnews.de\/site\/wp-json\/wp\/v2\/posts\/26050\/revisions"}],"predecessor-version":[{"id":26051,"href":"https:\/\/christusnews.de\/site\/wp-json\/wp\/v2\/posts\/26050\/revisions\/26051"}],"wp:attachment":[{"href":"https:\/\/christusnews.de\/site\/wp-json\/wp\/v2\/media?parent=26050"}],"wp:term":[{"taxonomy":"category","embeddable":true,"href":"https:\/\/christusnews.de\/site\/wp-json\/wp\/v2\/categories?post=26050"},{"taxonomy":"post_tag","embeddable":true,"href":"https:\/\/christusnews.de\/site\/wp-json\/wp\/v2\/tags?post=26050"}],"curies":[{"name":"wp","href":"https:\/\/api.w.org\/{rel}","templated":true}]}}