{"id":26054,"date":"2023-12-28T19:43:00","date_gmt":"2023-12-28T18:43:00","guid":{"rendered":"https:\/\/christusnews.de\/site\/leitender-theologe-kuschnerus-jahreslosung-2024-ruft-zur-solidaritaet\/"},"modified":"2023-12-29T10:18:03","modified_gmt":"2023-12-29T09:18:03","slug":"leitender-theologe-kuschnerus-jahreslosung-2024-ruft-zur-solidaritaet","status":"publish","type":"post","link":"https:\/\/christusnews.de\/site\/leitender-theologe-kuschnerus-jahreslosung-2024-ruft-zur-solidaritaet\/","title":{"rendered":"Leitender Theologe Kuschnerus: Jahreslosung 2024 ruft zur Solidarit\u00e4t"},"content":{"rendered":"<p><em>epd-Gespr\u00e4ch: Dieter Sell&nbsp;<\/em><\/p>\n<p>Bremen (epd). Die biblische Jahreslosung f\u00fcr das neue Jahr \u00abAlles, was ihr tut, geschehe in Liebe\u00bb sieht Bremens leitender evangelischer Theologe Bernd Kuschnerus als Aufruf zur Solidarit\u00e4t in der Gesellschaft. \u00abDamit ist nicht nur die Liebe als Gef\u00fchl gemeint, sondern auch ganz konkret: Wir halten zusammen\u00bb, sagte der Schriftf\u00fchrer der Bremischen Evangelischen Kirche dem Evangelischen Pressedienst (epd). Es gehe darum, andere Menschen in den Blick zu nehmen, \u00abauch die, die nerven &#8211; das ist eine Herausforderung\u00bb.<\/p>\n<p>\u00abDie christliche Botschaft vermittelt, dass wir frei sind, um f\u00fcr den N\u00e4chsten zu handeln\u00bb, f\u00fchrte Kuschnerus aus und erg\u00e4nzte: \u00abFrei davon, immer wie ein Egozentriker, wie ein Egoshooter durch die Gegend zu rennen.\u00bb Es sei eine wunderbare Erfahrung, anderen Menschen zur Seite zu stehen und dadurch Sinn zu erfahren, \u00abin der Familie, unter Freunden, in der Nachbarschaft, aber auch am Arbeitsplatz\u00bb.<\/p>\n<p>Zur Liebe geh\u00f6rt Kuschnerus zufolge auch die Einsicht, dass niemand perfekt ist. \u00abDas gilt aus meiner Sicht \u00fcbrigens auch f\u00fcr Politikerinnen und Politiker. Wir sind alle sehr geneigt, auf &#8216;die da oben&#8217; zu schimpfen. Dabei verlieren wir leicht aus dem Blick, dass das Menschen sind, die eine hohe Verantwortung tragen, die daf\u00fcr sorgen, dass die Demokratie funktioniert.\u00bb<\/p>\n<p>Berechtigte Kritik m\u00fcsse ge\u00fcbt werden, das sei wichtig f\u00fcr die demokratische Debatte. \u00abAber bitte sachlich und ohne den Menschen anzugreifen. Zu denken, dass Politikerinnen und Politiker perfekt sein m\u00fcssen und nie einen Fehler machen d\u00fcrfen, das halte ich f\u00fcr ganz problematisch, das schadet unserer Demokratie.\u00bb<\/p>\n<p>\u00abDie gleiche Nachsicht braucht jeder Mensch auch f\u00fcr sich\u00bb, betonte der Theologe. \u00abDenn wenn ich nicht nachsichtig mit mir sein kann, wie will ich dann nachsichtig mit anderen sein?\u00bb Liebe im christlichen Sinn sei bezogen auf Menschen, die eben nicht stark und nicht perfekt seien: \u00abAuf dem nicht-Perfekten liegt der Glanz Gottes.\u00bb<\/p>\n<p>Die Jahreslosung gibt es schon seit 1934. Sie wird von der \u00d6kumenischen Arbeitsgemeinschaft f\u00fcr Bibellesen in einem langen Prozess ausgew\u00e4hlt. Zum Auswahlgremium geh\u00f6ren Vertreterinnen und Vertreter der evangelischen und katholischen Kirche sowie aus freikirchlichen Werken und Verb\u00e4nden aus Deutschland, \u00d6sterreich, der Schweiz, dem Elsass und Polen. Die Losung f\u00fcr 2024 stammt aus dem 1. Korintherbrief im Neuen Testament (16,14).<\/p>\n<p><strong>Internet:<\/strong><br \/>\n<a href=\"https:\/\/www.kirche-bremen.de\">www.kirche-bremen.de<\/a>&nbsp;<\/p>\n<p>\u00d6kumenische Arbeitsgemeinschaft f\u00fcr Bibellesen: <a href=\"https:\/\/www.oeab.de\">www.oeab.de<\/a>&nbsp;<\/p>\n<p>Kirche-Oldenburg<br \/>\n<a href=\"https:\/\/www.kirche-oldenburg.de\/\/aktuell\/news-niedersachsen\/artikel\/leitender-theologe-kuschnerus-jahreslosung-2024-ruft-zur-solidaritaet\" target=\"_blank\" rel=\"noopener\">Leitender Theologe Kuschnerus: Jahreslosung 2024 ruft zur Solidarit\u00e4t<\/a><\/p>\n","protected":false},"excerpt":{"rendered":"<p>epd-Gespr\u00e4ch: Dieter Sell&nbsp; Bremen (epd). Die biblische Jahreslosung f\u00fcr das neue Jahr \u00abAlles, was ihr tut, geschehe in Liebe\u00bb sieht Bremens leitender evangelischer Theologe Bernd Kuschnerus als Aufruf zur Solidarit\u00e4t in der Gesellschaft. \u00abDamit ist nicht nur die Liebe als Gef\u00fchl gemeint, sondern auch ganz konkret: Wir halten zusammen\u00bb, sagte der Schriftf\u00fchrer der Bremischen Evangelischen Kirche dem Evangelischen Pressedienst (epd). Es gehe darum, andere Menschen in den Blick zu nehmen, \u00abauch die, die nerven &#8211; das ist eine Herausforderung\u00bb. \u00abDie christliche Botschaft vermittelt, dass wir frei sind, um f\u00fcr den N\u00e4chsten zu handeln\u00bb, f\u00fchrte Kuschnerus aus und erg\u00e4nzte: \u00abFrei davon,&#8230;<\/p>\n","protected":false},"author":7,"featured_media":0,"comment_status":"false","ping_status":"open","sticky":false,"template":"","format":"standard","meta":{"footnotes":""},"categories":[43],"tags":[44],"class_list":["post-26054","post","type-post","status-publish","format-standard","hentry","category-kirche-oldenburg","tag-kirche-oldenburg"],"_links":{"self":[{"href":"https:\/\/christusnews.de\/site\/wp-json\/wp\/v2\/posts\/26054","targetHints":{"allow":["GET"]}}],"collection":[{"href":"https:\/\/christusnews.de\/site\/wp-json\/wp\/v2\/posts"}],"about":[{"href":"https:\/\/christusnews.de\/site\/wp-json\/wp\/v2\/types\/post"}],"author":[{"embeddable":true,"href":"https:\/\/christusnews.de\/site\/wp-json\/wp\/v2\/users\/7"}],"replies":[{"embeddable":true,"href":"https:\/\/christusnews.de\/site\/wp-json\/wp\/v2\/comments?post=26054"}],"version-history":[{"count":1,"href":"https:\/\/christusnews.de\/site\/wp-json\/wp\/v2\/posts\/26054\/revisions"}],"predecessor-version":[{"id":26055,"href":"https:\/\/christusnews.de\/site\/wp-json\/wp\/v2\/posts\/26054\/revisions\/26055"}],"wp:attachment":[{"href":"https:\/\/christusnews.de\/site\/wp-json\/wp\/v2\/media?parent=26054"}],"wp:term":[{"taxonomy":"category","embeddable":true,"href":"https:\/\/christusnews.de\/site\/wp-json\/wp\/v2\/categories?post=26054"},{"taxonomy":"post_tag","embeddable":true,"href":"https:\/\/christusnews.de\/site\/wp-json\/wp\/v2\/tags?post=26054"}],"curies":[{"name":"wp","href":"https:\/\/api.w.org\/{rel}","templated":true}]}}