{"id":26056,"date":"2023-12-28T19:39:42","date_gmt":"2023-12-28T18:39:42","guid":{"rendered":"https:\/\/christusnews.de\/site\/das-integrationspotenzial-ist-gross-doch-uns-fehlen-die-leute\/"},"modified":"2023-12-29T10:18:03","modified_gmt":"2023-12-29T09:18:03","slug":"das-integrationspotenzial-ist-gross-doch-uns-fehlen-die-leute","status":"publish","type":"post","link":"https:\/\/christusnews.de\/site\/das-integrationspotenzial-ist-gross-doch-uns-fehlen-die-leute\/","title":{"rendered":"\u00abDas Integrationspotenzial ist gro\u00df, doch uns fehlen die Leute\u00bb"},"content":{"rendered":"<p><strong>Fl\u00fcchtlingshelfer suchen h\u00e4nderingend mehr Freiwillige&nbsp;<\/strong><\/p>\n<p><em>Von Julia Pennigsdorf (epd)<\/em><\/p>\n<p>Mehr Abschiebungen, weniger Leistungen: Der Ton gegen\u00fcber Gefl\u00fcchteten wird rauer. Ehrenamtliche bem\u00fchen sich, die Willkommenskultur aufrechtzuerhalten, doch sie brauchen Verst\u00e4rkung &#8211; so wie der \u00abUnterst\u00fctzerkreis Fl\u00fcchtlingsunterk\u00fcnfte Hannover\u00bb.<\/p>\n<p>Hannover\/Osnabr\u00fcck (epd). Die Stimmung im Caf\u00e9 K in Hannovers alternativem Stadtteil Linden ist ausgelassen an diesem Donnerstagabend. Immer mehr Menschen str\u00f6men ins Innere. Ihr Ziel:&nbsp;der monatliche Stammtisch des \u00abUnterst\u00fctzerkreises Fl\u00fcchtlingsunterk\u00fcnfte Hannover\u00bb. Die Menschen kommen aus verschiedenen L\u00e4ndern, etwa aus Algerien, Syrien, Senegal, Eritrea, Afghanistan oder der Ukraine.<\/p>\n<p>Viele kennen sich. Sie umarmen sich zur Begr\u00fc\u00dfung, klopfen sich auf die Schulter. \u00abSch\u00f6n, dass Du da bist!\u00bb, \u00abWie geht es Dir?\u00bb Auf den zu einer langen Tafel zusammengeschobenen Tischen stehen Cola, Saftschorlen, Pommes rot-wei\u00df. Es wird gekl\u00f6nt, gelacht.<\/p>\n<p>Einige Blicke aber sind sch\u00fcchtern, die Gesichter ernst. So wie das einer Frau aus Somalia. Sie ist beim Integrationstest durch die Sprachpr\u00fcfung gefallen. Wie soll es nun weitergehen? Der junge Mann aus Pakistan neben ihr hat zwar eigene Fragen, auf deren Kl\u00e4rung er an diesem Abend hofft. Er sucht einen Ausbildungsplatz. Doch mit dem Integrationstest kennt er sich aus. Aufmunternd l\u00e4chelt er der jungen Frau mit dem Kopftuch zu und bespricht mit ihr die n\u00e4chsten Schritte.<\/p>\n<p>Fragen kl\u00e4ren, sich gegenseitig helfen, Tipps geben, das steht beim Stammtisch des 2013 gegr\u00fcndeten Unterst\u00fctzerkreises Fl\u00fcchtlingsunterk\u00fcnfte Hannover (UFU) im Fokus. Zwar sind auch ehrenamtliche, einheimische Helfer da, doch viel kl\u00e4ren die Gefl\u00fcchteten untereinander. Jobcenter, Asylantrag, Arbeitserlaubnis: Die \u00abalten Hasen\u00bb, die schon l\u00e4nger in Deutschland sind, nehmen die Neuen unter ihre Fittiche.<\/p>\n<p>Braucht jemand eine Waschmaschine? Hilfe beim Schreiben des Lebenslaufs? Die WhatsApp-Gruppe des UFU umfasst 500 Kontakte. Es dauert nie lang, bis jemand antwortet.<\/p>\n<p>Unterst\u00fctzung, gerade in den ersten Monaten, da sind sich Migrationsexperten einig, ist unabdingbar f\u00fcr eine gelungene Integration. Doch das zivilgesellschaftliche Engagement geht zur\u00fcck.&nbsp;Die Willkommenskultur, mit der Gefl\u00fcchtete in den Jahren 2015 und 2016 empfangen wurden, ist vielerorts abgeebbt. Etliche Fl\u00fcchtlingsinitiativen haben sich nach Angaben des Osnabr\u00fccker Migrationsforschers Jochen Oltmer aufgel\u00f6st. Die, die es noch gibt, suchen h\u00e4nderingend Verst\u00e4rkung &#8211; so auch der UFU.<\/p>\n<p>\u00abWir haben Schwierigkeiten, Ehrenamtliche zu finden\u00bb, sagt Sabine Berge, die sich seit vielen Jahren f\u00fcr die Integration von Gefl\u00fcchteten engagiert. Insbesondere die Listen von Migranten, die auf einen Paten warten, jemanden, der fest an ihrer Seite steht und bei Beh\u00f6rdeng\u00e4ngen, Deutschlernen, Wohnungssuche hilft, sei lang. \u00abDas Integrationspotenzial ist gro\u00df, doch uns fehlen schlicht die Leute.\u00bb<\/p>\n<p>Woran liegt es, dass die Einsatzbereitschaft im Vergleich zur sogenannten Fl\u00fcchtlingskrise 2015\/2016 abgenommen hat? Reiner Melzer, sitzt im Caf\u00e9 K und nimmt einen Schluck aus seinem Bierglas. \u00abCorona hat uns auf jeden Fall ziemlich ausgebremst, da ist viel Energie fl\u00f6ten gegangen\u00bb, sagt der 63-J\u00e4hrige nachdenklich, der mit seiner Frau Rene\u00e9 Bergmann, den heute rund 300 Mitglieder z\u00e4hlenden Verein UFU gegr\u00fcndet hat.<\/p>\n<p>Auch das Alter der Ehrenamtler spiele eine Rolle. Viele, die sich engagierten, seien Ruhest\u00e4ndler. \u00abWir sind \u00e4lter geworden, uns fehlt der Nachwuchs.\u00bb<\/p>\n<p>Im letzten Jahr gingen das Forschungsprojekt \u00abDie aktivierte Zivilgesellschaft\u00bb der Frage nach, was vom Engagement f\u00fcr Gefl\u00fcchtete im Jahr 2015 geblieben ist. In der vom Bund gef\u00f6rderten Analyse des Berliner Zentrums f\u00fcr Integrations- und Migrationsforschung, dem Wissenschaftszentrum Berlin f\u00fcr Sozialforschung und der Universit\u00e4t Osnabr\u00fcck hei\u00dft es: Der \u00abphasenweise euphorische Diskurs \u00fcber die sogenannte Willkommenskultur\u00bb sei zunehmend von Forderungen nach einer restriktivere Migrations- und Asylpolitik \u00fcberlagert worden.<\/p>\n<p>B\u00fcrokratische H\u00fcrden, pers\u00f6nliche \u00dcberforderungen, gesellschaftlicher Gegenwind &#8211; dieser Dreiklang sei eine Zerrei\u00dfprobe f\u00fcr Fl\u00fcchtlingsinitiativen wie die des UFU. Das habe zu Frustrationen unter den Freiwilligen gef\u00fchrt und in der Folge zu einem R\u00fcckgang des Engagements. Doch ein \u00abharter Kern\u00bb an Engagierten sei aktiv geblieben, Freundschaften zwischen freiwilligen Helfern und Gefl\u00fcchteten an die Stelle formeller Unterst\u00fctzung getreten.<\/p>\n<p>So wie bei den Melzers. Mit seiner Frau hat der pensionierte Umweltberater drei von ihm sogenannte \u00abPatenkinder\u00bb, einen Syrer, einen Afghanen sowie eine Ghanaerin. \u00abDas Engagement f\u00fcr Gefl\u00fcchtete k\u00f6nnte eine Win-Win-Situation sein\u00bb, sagt Melzer seufzend. F\u00fcr die Fl\u00fcchtlinge, denen ein Start in ein neues Leben erm\u00f6glicht werde, f\u00fcr die alternde Gesellschaft, die Nachwuchskr\u00e4fte ben\u00f6tige, aber auch f\u00fcr die Ehrenamtlichen, die lebensbereichernde Beziehungen aufbauten.<\/p>\n<p>Ohne zivilgesellschaftliche Unterst\u00fctzung w\u00e4ren viele der Zugewanderten nicht da, wo sie heute sind. \u00abAllein diese ganze Monster-B\u00fcrokratie, da kommen die ohne unsere Hilfe nicht durch\u00bb, sagt Melzer. \u00abJammerschade\u00bb sei es, dass Menschen leer ausgehen, weil niemand f\u00fcr sie da ist. \u00abWenn wir alle mithelfen w\u00fcrden, dann w\u00fcrden wir das auch schaffen.\u00bb<\/p>\n<p>Der Blick zum Stammtisch des Unterst\u00fctzerkreises, der vom Landessportbund Niedersachsen gesponsert wird, gibt ihm recht. Im Caf\u00e9 K gelingt an diesem Abend m\u00fchelos und lebensbejahend das, was oft gefordert wird, aber kein Selbstl\u00e4ufer ist: Integration.<\/p>\n<p>\n<strong>Internet:<\/strong><br \/>\nUnterst\u00fctzerkreis Fl\u00fcchtlingsunterk\u00fcnfte Hannover:&nbsp;<a href=\"http:\/\/u.epd.de\/2txm\">http:\/\/u.epd.de\/2txm<\/a>&nbsp;<br \/>\nAnalyse \u00abDie aktivierte Zivilgesellschaft\u00bb: <a href=\"http:\/\/u.epd.de\/2tx3\">http:\/\/u.epd.de\/2tx3<\/a>&nbsp;&nbsp;sowie <a href=\"http:\/\/u.epd.de\/2tx4\">http:\/\/u.epd.de\/2tx4<\/a>&nbsp;<br \/>\n&nbsp;<\/p>\n<p>Kirche-Oldenburg<br \/>\n<a href=\"https:\/\/www.kirche-oldenburg.de\/\/aktuell\/news-niedersachsen\/artikel\/das-integrationspotenzial-ist-gross-doch-uns-fehlen-die-leute\" target=\"_blank\" rel=\"noopener\">\u00abDas Integrationspotenzial ist gro\u00df, doch uns fehlen die Leute\u00bb<\/a><\/p>\n","protected":false},"excerpt":{"rendered":"<p>Fl\u00fcchtlingshelfer suchen h\u00e4nderingend mehr Freiwillige&nbsp; Von Julia Pennigsdorf (epd) Mehr Abschiebungen, weniger Leistungen: Der Ton gegen\u00fcber Gefl\u00fcchteten wird rauer. Ehrenamtliche bem\u00fchen sich, die Willkommenskultur aufrechtzuerhalten, doch sie brauchen Verst\u00e4rkung &#8211; so wie der \u00abUnterst\u00fctzerkreis Fl\u00fcchtlingsunterk\u00fcnfte Hannover\u00bb. Hannover\/Osnabr\u00fcck (epd). Die Stimmung im Caf\u00e9 K in Hannovers alternativem Stadtteil Linden ist ausgelassen an diesem Donnerstagabend. Immer mehr Menschen str\u00f6men ins Innere. Ihr Ziel:&nbsp;der monatliche Stammtisch des \u00abUnterst\u00fctzerkreises Fl\u00fcchtlingsunterk\u00fcnfte Hannover\u00bb. Die Menschen kommen aus verschiedenen L\u00e4ndern, etwa aus Algerien, Syrien, Senegal, Eritrea, Afghanistan oder der Ukraine. Viele kennen sich. Sie umarmen sich zur Begr\u00fc\u00dfung, klopfen sich auf die Schulter. \u00abSch\u00f6n, dass Du da&#8230;<\/p>\n","protected":false},"author":7,"featured_media":0,"comment_status":"false","ping_status":"open","sticky":false,"template":"","format":"standard","meta":{"footnotes":""},"categories":[43],"tags":[44],"class_list":["post-26056","post","type-post","status-publish","format-standard","hentry","category-kirche-oldenburg","tag-kirche-oldenburg"],"_links":{"self":[{"href":"https:\/\/christusnews.de\/site\/wp-json\/wp\/v2\/posts\/26056","targetHints":{"allow":["GET"]}}],"collection":[{"href":"https:\/\/christusnews.de\/site\/wp-json\/wp\/v2\/posts"}],"about":[{"href":"https:\/\/christusnews.de\/site\/wp-json\/wp\/v2\/types\/post"}],"author":[{"embeddable":true,"href":"https:\/\/christusnews.de\/site\/wp-json\/wp\/v2\/users\/7"}],"replies":[{"embeddable":true,"href":"https:\/\/christusnews.de\/site\/wp-json\/wp\/v2\/comments?post=26056"}],"version-history":[{"count":1,"href":"https:\/\/christusnews.de\/site\/wp-json\/wp\/v2\/posts\/26056\/revisions"}],"predecessor-version":[{"id":26057,"href":"https:\/\/christusnews.de\/site\/wp-json\/wp\/v2\/posts\/26056\/revisions\/26057"}],"wp:attachment":[{"href":"https:\/\/christusnews.de\/site\/wp-json\/wp\/v2\/media?parent=26056"}],"wp:term":[{"taxonomy":"category","embeddable":true,"href":"https:\/\/christusnews.de\/site\/wp-json\/wp\/v2\/categories?post=26056"},{"taxonomy":"post_tag","embeddable":true,"href":"https:\/\/christusnews.de\/site\/wp-json\/wp\/v2\/tags?post=26056"}],"curies":[{"name":"wp","href":"https:\/\/api.w.org\/{rel}","templated":true}]}}