{"id":26058,"date":"2023-12-30T09:34:00","date_gmt":"2023-12-30T08:34:00","guid":{"rendered":"https:\/\/christusnews.de\/site\/frauen-geben-frieden-ein-gesicht\/"},"modified":"2023-12-30T10:20:18","modified_gmt":"2023-12-30T09:20:18","slug":"frauen-geben-frieden-ein-gesicht","status":"publish","type":"post","link":"https:\/\/christusnews.de\/site\/frauen-geben-frieden-ein-gesicht\/","title":{"rendered":"Frauen geben Frieden ein Gesicht"},"content":{"rendered":"<p>Zwanzig bosnische Frauen stellen sich in dieser Ausstellung in gro\u00dfformatigen Portr\u00e4ts mit ihren Lebensgeschichten vor. Sie standen mitten im Leben, als der Krieg 1992 in Bosnien-Herzegowina ausbrach. Aufgewachsen in muslimischen, serbisch-orthodoxen oder katholischen Familien rufen die Frauen in Erinnerung: Frauen leiden besonders im Krieg \u2013 weil sie Frauen sind. Durch ihr beherztes Engagement machen sie heute anderen Frauen Mut. Frauen k\u00f6nnen sich gemeinsam und sich selbst aus Angst und Unterdr\u00fcckung befreien!<br \/>\n&nbsp; &nbsp;<br \/>\nDie Frauen werfen Fragen auf, die in vielen L\u00e4ndern und Gesellschaften \u2013 nicht nur im Zuge von Kriegen \u2013 beantwortet werden m\u00fcssen: Wie kann die Erinnerung an geschehenes Unrecht wachgehalten werden? Wie k\u00f6nnen T\u00e4ter und T\u00e4terinnen angemessen zur Rechenschaft gezogen werden? Die portraitierten Frauen haben es geschafft, das Erlebte zu \u00fcberwinden. Sie sind aktiv geworden und haben sich bewusst daf\u00fcr entschieden, zivilgesellschaftliche Aktivistinnen zu werden. Damit wird dem weitverbreiteten Bild von Frauen als Opfern etwas entgegensetzt.<br \/>\n&nbsp; &nbsp;<br \/>\nDie Ausstellung&nbsp;in der Forumskirche St. Peter, Peterstra\u00dfe 22, Oldenburg, ist aus der Zusammenarbeit des bosnischen Friedensb\u00fcndnisses \u201eMir sa zenskim licem\u201c (Frauen geben Frieden ein Gesicht) mit dem Forum Ziviler Friedensdienst (forumZFD) in Sarajevo und der fachlichen Unterst\u00fctzung des Historischen Museums von Bosnien-Herzegowina in Sarajevo entstanden.<br \/>\n&nbsp; &nbsp;<br \/>\nWeitere Informationen zur Ausstellung und zum Programm unter: <a href=\"https:\/\/www.\u00f6zo.de\/ausstellung-frauen-geben-frieden-ein-gesicht\/\">https:\/\/www.\u00f6zo.de\/ausstellung-frauen-geben-frieden-ein-gesicht\/<\/a>&nbsp;<\/p>\n<p>Kirche-Oldenburg<br \/>\n<a href=\"https:\/\/www.kirche-oldenburg.de\/\/aktuell\/pressemitteilungen\/artikel\/frauen-geben-frieden-ein-gesicht\" target=\"_blank\" rel=\"noopener\">Frauen geben Frieden ein Gesicht<\/a><\/p>\n","protected":false},"excerpt":{"rendered":"<p>Zwanzig bosnische Frauen stellen sich in dieser Ausstellung in gro\u00dfformatigen Portr\u00e4ts mit ihren Lebensgeschichten vor. Sie standen mitten im Leben, als der Krieg 1992 in Bosnien-Herzegowina ausbrach. Aufgewachsen in muslimischen, serbisch-orthodoxen oder katholischen Familien rufen die Frauen in Erinnerung: Frauen leiden besonders im Krieg \u2013 weil sie Frauen sind. Durch ihr beherztes Engagement machen sie heute anderen Frauen Mut. Frauen k\u00f6nnen sich gemeinsam und sich selbst aus Angst und Unterdr\u00fcckung befreien! &nbsp; &nbsp; Die Frauen werfen Fragen auf, die in vielen L\u00e4ndern und Gesellschaften \u2013 nicht nur im Zuge von Kriegen \u2013 beantwortet werden m\u00fcssen: Wie kann die Erinnerung an&#8230;<\/p>\n","protected":false},"author":7,"featured_media":0,"comment_status":"false","ping_status":"open","sticky":false,"template":"","format":"standard","meta":{"footnotes":""},"categories":[43],"tags":[44],"class_list":["post-26058","post","type-post","status-publish","format-standard","hentry","category-kirche-oldenburg","tag-kirche-oldenburg"],"_links":{"self":[{"href":"https:\/\/christusnews.de\/site\/wp-json\/wp\/v2\/posts\/26058","targetHints":{"allow":["GET"]}}],"collection":[{"href":"https:\/\/christusnews.de\/site\/wp-json\/wp\/v2\/posts"}],"about":[{"href":"https:\/\/christusnews.de\/site\/wp-json\/wp\/v2\/types\/post"}],"author":[{"embeddable":true,"href":"https:\/\/christusnews.de\/site\/wp-json\/wp\/v2\/users\/7"}],"replies":[{"embeddable":true,"href":"https:\/\/christusnews.de\/site\/wp-json\/wp\/v2\/comments?post=26058"}],"version-history":[{"count":1,"href":"https:\/\/christusnews.de\/site\/wp-json\/wp\/v2\/posts\/26058\/revisions"}],"predecessor-version":[{"id":26059,"href":"https:\/\/christusnews.de\/site\/wp-json\/wp\/v2\/posts\/26058\/revisions\/26059"}],"wp:attachment":[{"href":"https:\/\/christusnews.de\/site\/wp-json\/wp\/v2\/media?parent=26058"}],"wp:term":[{"taxonomy":"category","embeddable":true,"href":"https:\/\/christusnews.de\/site\/wp-json\/wp\/v2\/categories?post=26058"},{"taxonomy":"post_tag","embeddable":true,"href":"https:\/\/christusnews.de\/site\/wp-json\/wp\/v2\/tags?post=26058"}],"curies":[{"name":"wp","href":"https:\/\/api.w.org\/{rel}","templated":true}]}}